{"id":21088,"date":"2021-09-09T17:53:37","date_gmt":"2021-09-09T20:53:37","guid":{"rendered":"https:\/\/blogs2.correiobraziliense.com.br\/vicente\/?p=21088"},"modified":"2021-09-09T19:32:36","modified_gmt":"2021-09-09T22:32:36","slug":"tesouro-direto-suspende-operacoes-mais-de-uma-vez-ao-longo-do-dia","status":"publish","type":"post","link":"https:\/\/blogs2.correiobraziliense.com.br\/vicente\/tesouro-direto-suspende-operacoes-mais-de-uma-vez-ao-longo-do-dia\/","title":{"rendered":"Tesouro Direto suspende opera\u00e7\u00f5es mais de uma vez ao longo do dia"},"content":{"rendered":"<h2>ROSANA HESSEL<\/h2>\n<h2>Enquanto a Bolsa de Valores de S\u00e3o Paulo (B3) oscilou durante esta quinta-feira (9\/9), mas inverteu o sinal ap\u00f3s uma sinaliza\u00e7\u00e3o de pacifica\u00e7\u00e3o da crise institucional criada pelo presidente Jair Bolsonaro (sem partido),as negocia\u00e7\u00f5es dos t\u00edtulos do Tesouro Direto foram marcadas por muita instabilidade, refletindo a queda na confian\u00e7a do mercado no governo.<\/h2>\n<p>&nbsp;<\/p>\n<p>Enquanto a B3 acabou subindo mais 2% depois a divulga\u00e7\u00e3o da carta do Pal\u00e1cio do Planalto redigida por Temer no fim da tarde de hoje, na qual Bolsonaro diz que &#8220;nunca teve a inten\u00e7\u00e3o de agredir quaisquer Poderes&#8221;, as opera\u00e7\u00f5es pelo Tesouro Direto continuaram suspensas, em grande maioria, em meio \u00e0 piora nas expectativas em rela\u00e7\u00e3o ao fiscal.<\/p>\n<p>&nbsp;<\/p>\n<p>Ao longo do dia de hoje, houve v\u00e1rias suspens\u00f5es da plataforma do Tesouro Nacional voltada aos pequenos investidores. Normalmente, as negocia\u00e7\u00f5es s\u00e3o suspensas quando o mercado exige pr\u00eamio de risco e taxas bem acima do que o governo est\u00e1 disposto a pagar nos t\u00edtulos p\u00fablicos. E isso ocorre porque o mercado v\u00ea piora no risco fiscal e os juros sobem.<\/p>\n<p>&nbsp;<\/p>\n<p>No fim do preg\u00e3o de hoje, apenas dois t\u00edtulos indexados \u00e0 taxa b\u00e1sica de juros (Selic) estavam dispon\u00edveis para a compra: o Tesouro Selic com vencimento em 2024 e o Tesouro Selic com vencimento em 2027.\u00a0 Procurada, a assessoria do Tesouro reconheceu que interrompeu as\u00a0negocia\u00e7\u00f5es &#8220;por tr\u00eas vezes, dada a volatilidade do mercado&#8221;.<\/p>\n<p>&nbsp;<\/p>\n<p>Os t\u00edtulos prefixados voltaram para a casa dos dois d\u00edgitos nos \u00faltimos dias em meio ao aumento das incertezas em rela\u00e7\u00e3o \u00e0 capacidade do governo dar continuidade a um ajuste fiscal e melhorar. As perspectivas em rela\u00e7\u00e3o \u00e0s contas p\u00fablicas pioraram ap\u00f3s as manifesta\u00e7\u00f5es do feriado de 7 de Setembro, porque o consenso \u00e9 de que o governo vai ter problemas em avan\u00e7ar com reformas estruturantes que resultem em corte ou controle de despesas. Os papeis prefixados com vencimento em 2031 eram negociados acima de 11%.<\/p>\n<p>&nbsp;<\/p>\n<p>&nbsp;<\/p>\n<p><strong>Veja a \u00edntegra da nota do Tesouro enviada ao Blog:<\/strong><\/p>\n<p>&nbsp;<\/p>\n<p><em>Hoje, dia 9 de setembro de 2021, a Secretaria do Tesouro Nacional suspendeu as negocia\u00e7\u00f5es dos t\u00edtulos do Programa Tesouro Direto tr\u00eas vezes dada a volatilidade do mercado.<\/em><\/p>\n<p><em>Os pre\u00e7os e as taxas dos t\u00edtulos do Programa Tesouro Direto (TD) s\u00e3o atualizados tr\u00eas vezes ao dia, com o objetivo de refletir as negocia\u00e7\u00f5es ao longo do dia no mercado secund\u00e1rio de t\u00edtulos p\u00fablicos federais.<\/em><\/p>\n<p><em>Quando h\u00e1 uma volatilidade significativa nos pre\u00e7os e nas taxas dos t\u00edtulos negociados nesse mercado, a Secretaria do Tesouro Nacional suspende temporariamente as negocia\u00e7\u00f5es no TD, para que novos pre\u00e7os e taxas de refer\u00eancia possam ser atualizados.<\/em><\/p>\n<p><em>Este procedimento impede que as negocia\u00e7\u00f5es dos investidores no TD sejam realizadas com pre\u00e7os e taxas que n\u00e3o reflitam corretamente as condi\u00e7\u00f5es do mercado de t\u00edtulos p\u00fablicos (mercado secund\u00e1rio).<\/em><\/p>\n<p><em>Cabe ressaltar que o T\u00edtulo Tesouro Selic, um t\u00edtulo que sofre pouco os efeitos da volatilidade de mercado, permaneceu, durante o per\u00edodo de suspens\u00e3o, dispon\u00edvel para as opera\u00e7\u00f5es de investimento e resgate no TD.<\/em><\/p>\n<p><em>Al\u00e9m disso, em caso de suspens\u00e3o, como ocorreu, os investidores do programa podem realizar agendamentos para investimentos e resgates (na plataforma do programa) que ser\u00e3o liquidados com os pre\u00e7os e taxas disponibilizados na reabertura do mercado.<\/em><\/p>\n<p>&nbsp;<\/p>\n<p>&nbsp;<\/p>\n<p>&nbsp;<\/p>\n","protected":false},"excerpt":{"rendered":"<p>ROSANA HESSEL Enquanto a Bolsa de Valores de S\u00e3o Paulo (B3) oscilou durante esta quinta-feira (9\/9), mas inverteu o sinal ap\u00f3s uma sinaliza\u00e7\u00e3o de pacifica\u00e7\u00e3o da crise institucional criada pelo presidente Jair Bolsonaro (sem partido),as negocia\u00e7\u00f5es dos t\u00edtulos do Tesouro Direto foram marcadas por muita instabilidade, refletindo a queda na confian\u00e7a do mercado no governo. [&hellip;]<\/p>\n","protected":false},"author":22,"featured_media":17053,"comment_status":"open","ping_status":"closed","sticky":false,"template":"","format":"standard","meta":{"wpb_read_more":[],"footnotes":""},"categories":[600],"tags":[5645,884,121,2256],"class_list":["post-21088","post","type-post","status-publish","format-standard","has-post-thumbnail","hentry","category-economia","tag-risco-fiscal","tag-tesouro-direto","tag-tesouro-nacional","tag-titulos-publicos"],"_links":{"self":[{"href":"https:\/\/blogs2.correiobraziliense.com.br\/vicente\/wp-json\/wp\/v2\/posts\/21088","targetHints":{"allow":["GET"]}}],"collection":[{"href":"https:\/\/blogs2.correiobraziliense.com.br\/vicente\/wp-json\/wp\/v2\/posts"}],"about":[{"href":"https:\/\/blogs2.correiobraziliense.com.br\/vicente\/wp-json\/wp\/v2\/types\/post"}],"author":[{"embeddable":true,"href":"https:\/\/blogs2.correiobraziliense.com.br\/vicente\/wp-json\/wp\/v2\/users\/22"}],"replies":[{"embeddable":true,"href":"https:\/\/blogs2.correiobraziliense.com.br\/vicente\/wp-json\/wp\/v2\/comments?post=21088"}],"version-history":[{"count":3,"href":"https:\/\/blogs2.correiobraziliense.com.br\/vicente\/wp-json\/wp\/v2\/posts\/21088\/revisions"}],"predecessor-version":[{"id":21091,"href":"https:\/\/blogs2.correiobraziliense.com.br\/vicente\/wp-json\/wp\/v2\/posts\/21088\/revisions\/21091"}],"wp:featuredmedia":[{"embeddable":true,"href":"https:\/\/blogs2.correiobraziliense.com.br\/vicente\/wp-json\/wp\/v2\/media\/17053"}],"wp:attachment":[{"href":"https:\/\/blogs2.correiobraziliense.com.br\/vicente\/wp-json\/wp\/v2\/media?parent=21088"}],"wp:term":[{"taxonomy":"category","embeddable":true,"href":"https:\/\/blogs2.correiobraziliense.com.br\/vicente\/wp-json\/wp\/v2\/categories?post=21088"},{"taxonomy":"post_tag","embeddable":true,"href":"https:\/\/blogs2.correiobraziliense.com.br\/vicente\/wp-json\/wp\/v2\/tags?post=21088"}],"curies":[{"name":"wp","href":"https:\/\/api.w.org\/{rel}","templated":true}]}}