{"id":21111,"date":"2021-09-10T14:23:47","date_gmt":"2021-09-10T17:23:47","guid":{"rendered":"https:\/\/blogs2.correiobraziliense.com.br\/vicente\/?p=21111"},"modified":"2021-09-10T21:05:34","modified_gmt":"2021-09-11T00:05:34","slug":"guedes-minimiza-riscos-e-preve-inflacao-entre-75-e-8-no-fim-do-ano","status":"publish","type":"post","link":"https:\/\/blogs2.correiobraziliense.com.br\/vicente\/guedes-minimiza-riscos-e-preve-inflacao-entre-75-e-8-no-fim-do-ano\/","title":{"rendered":"Guedes minimiza riscos e prev\u00ea infla\u00e7\u00e3o entre 7,5% e 8% no fim do ano"},"content":{"rendered":"<h2><span style=\"font-weight: 400\">ROSANA HESSEL<\/span><\/h2>\n<h2><span style=\"font-weight: 400\">Ap\u00f3s os dados do \u00cdndice de Pre\u00e7os ao Consumidor Amplo (IPCA) ficarem em 9,68% no acumulado em 12 meses at\u00e9 agosto, analistas e preveem o indicador da infla\u00e7\u00e3o oficial ultrapassando 10% neste m\u00eas. As proje\u00e7\u00f5es para o \u00edndice no fim do ano, com mediana de 7,58% atualmente,\u00a0<\/span><span style=\"font-weight: 400\">continuam sendo revisadas para cima, podendo ficar acima de 9%. Mas o\u00a0<\/span><span style=\"font-weight: 400\">ministro da Economia, Paulo Guedes, apesar de reconhecer que a infla\u00e7\u00e3o est\u00e1 elevada, voltou a minimizar o problema alegando que a alta dos pre\u00e7os \u00e9 tempor\u00e1ria. <\/span><\/h2>\n<h2><\/h2>\n<p><span style=\"font-weight: 400\">\u201cAcho que estamos no pior momento da infla\u00e7\u00e3o, mas ela vai desacelerar at\u00e9 o fim do ano em torno de 7,5% e 8%\u201d, disse Guedes, nesta sexta-feira (10\/9), em evento para investidores do Credit Suisse, refor\u00e7ando que a alta dos pre\u00e7os \u00e9 transit\u00f3ria. A proje\u00e7\u00e3o atual do governo para o IPCA no fim do ano ainda est\u00e1 em 5,90%. E, para o \u00cdndice Nacional de Pre\u00e7os ao Consumidor (INPC), que corrige o sal\u00e1rio m\u00ednimo, a estimativa da Economia \u00e9 de 6,2%.<\/span><\/p>\n<p>&nbsp;<\/p>\n<p><span style=\"font-weight: 400\">De acordo com o ministro, como a infla\u00e7\u00e3o tem ajudado a elevar a arrecada\u00e7\u00e3o federal, a conjuntura \u00e9 favor\u00e1vel para a \u201credu\u00e7\u00e3o de algumas tarifas de importa\u00e7\u00e3o\u201d, no sentido da abertura comercial. \u201c\u00c9 um bom momento para avan\u00e7armos. Agora estamos falando com a Argentina para a redu\u00e7\u00e3o (da TEC &#8211; Tarifa Externa Comum do Mercosul). \u00c9 um momento correto para reduzirmos taxas e integrar o pa\u00eds com o mercado global\u201d, disse.\u00a0<\/span><\/p>\n<p>&nbsp;<\/p>\n<p>Apesar de n\u00e3o fazer proje\u00e7\u00f5es para a infla\u00e7\u00e3o de 2022 ele disse que o IPCA dever\u00e1 voltar para o centro da meta no ano que vem, de 3,5%.\u00a0\u201cAcho que vamos ser bem-sucedidos em conter infla\u00e7\u00e3o; temos os gatilhos fiscais\u201d, disse. Contudo, pelas atuais proje\u00e7\u00f5es do mercado, isso \u00e9 pouco prov\u00e1vel, porque apontam o indicador oficial do custo de vida acima de 4% mesmo com uma Selic (taxa b\u00e1sica da economia) de 9%. N\u00e3o \u00e0 toa, algumas apostas para os juros b\u00e1sicos no fim deste ano j\u00e1 chegam a 10%.<\/p>\n<p>&nbsp;<\/p>\n<p><span style=\"font-weight: 400\">Paulo Guedes voltou a afirmar que h\u00e1 muito \u201cru\u00eddo\u201d em torno da quest\u00e3o fiscal e tamb\u00e9m minimizou o problema que est\u00e1 levando os juros dos t\u00edtulos p\u00fablicos para dois d\u00edgitos. Ele retomou a a tese de que o governo est\u00e1 conseguindo controlar os gastos p\u00fablicos, porque as despesas do governo voltaram ao patamar pr\u00e9-crise neste ano, de 19,5% do Produto Interno Bruto (PIB) e, no ano que vem, passar\u00e1 para 17%. Contudo, ele n\u00e3o falou que, essa proje\u00e7\u00e3o, que est\u00e1 no Or\u00e7amento de 2022, foi feita com dados desatualizados. \u201cEstamos nos trilhos do compromisso de consolida\u00e7\u00e3o fiscal\u201d, garantiu.\u00a0<\/span><\/p>\n<p>&nbsp;<\/p>\n<p>O ministro evitou a prometer deficit prim\u00e1rio zerado no ano que vem e disse que o rombo das contas p\u00fablicas dever\u00e1 passar de 1,5% do PIB, neste ano, para at\u00e9 0,3% do PIB em 2022.<\/p>\n<p>&nbsp;<\/p>\n<p><span style=\"font-weight: 400\">As contas do governo que est\u00e3o no Projeto de Lei Or\u00e7ament\u00e1ria Anual (PLOA) de 2022 preveem um crescimento de 2,5% do PIB de 2022 enquanto as proje\u00e7\u00f5es do mercado caminham para 1,5% ou menos. Enquanto isso, as despesas est\u00e3o subestimadas, porque est\u00e3o sendo corrigidas por uma infla\u00e7\u00e3o de 6,2% enquanto o mercado n\u00e3o descarta algo acima de 9%, o que n\u00e3o deixar\u00e1 margem alguma para o governo ampliar o Bolsa Fam\u00edlia, como prometido pelo presidente Jair Bolsonaro (sem partido) e aumentar o benef\u00edcio acima de R$ 300.<\/span><\/p>\n<p>&nbsp;<\/p>\n<p><span style=\"font-weight: 400\">O ministro Paulo Guedes tamb\u00e9m disse que o governo estava reservando R$ 50 bilh\u00f5es para esse Bolsa Fam\u00edlia turbinado, mas, devido ao \u201cmeteoro\u201d de R$ 89,1 bilh\u00f5es de precat\u00f3rios &#8212; despesas judiciais &#8212;\u00a0 o Or\u00e7amento enviado ao Congresso n\u00e3o previu esse novo programa, porque o governo \u00e9 obrigado a pagar integralmente essas d\u00edvidas junto \u00e0 Justi\u00e7a. Guedes vem tentando adiar o pagamento desses precat\u00f3rios por meio da pol\u00eamica Proposta de Emenda \u00e0 Constitui\u00e7\u00e3o (PEC) 23\/2021, que trata do parcelamento dos chamados \u201csuperprecat\u00f3rios\u201d por 10 anos, algo visto como inconstitucional por especialistas que chamam a medida como PEC das pedaladas. Ao mesmo tempo, o governo tenta uma sa\u00edda via o Conselho Nacional de Justi\u00e7a (CNJ), com uma medida proposta pelo vice-presidente do Tribunal de Contas da Uni\u00e3o (TCU), Bruno Dantas, que prev\u00ea um subteto para os precat\u00f3rios, de R$ 39,8 bilh\u00f5es, a partir de 2022.<\/span><\/p>\n<p>&nbsp;<\/p>\n<p><span style=\"font-weight: 400\">Guedes contou que uma nova reuni\u00e3o entre o governo e os presidentes do Legislativo e do Judici\u00e1rio para buscar essa solu\u00e7\u00e3o via CNJ fora da Constitui\u00e7\u00e3o dever\u00e1 ocorrer \u201cna semana que vem\u201d e, assim abrir caminho, para um Bolsa Fam\u00edlia \u201cmoderado e substancial\u201d para ajudar os mais vulner\u00e1veis enfrentarem os aumentos nos custos da energia, por exemplo. \u201cEu confio em uma solu\u00e7\u00e3o fiscal que respeite o teto de gastos com a ajuda do Congresso e do Judici\u00e1rio. Eles est\u00e3o preocupados com a responsabilidade fiscal e o teto de gastos. E vamos continuar conversando\u201d, disse.\u00a0\u00a0<\/span><\/p>\n<p>&nbsp;<\/p>\n<p><strong>Em defesa a Bolsonaro<\/strong><\/p>\n<p>&nbsp;<\/p>\n<p><span style=\"font-weight: 400\">Durante a conversa virtual com o presidente do Conselho do Credit Suisse e ex-presidente do Banco Central Ilan Goldfajn, Guedes minimizou a crise institucional provocada com as declara\u00e7\u00f5es do presidente Jair Bolsonaro (sem partido), que desafiou a Constitui\u00e7\u00e3o e os demais Poderes e, ontem, foi obrigado a publicar uma carta de recuo sobre as afirma\u00e7\u00f5es anti-democr\u00e1ticas e golpistas. <\/span><\/p>\n<p>&nbsp;<\/p>\n<p><span style=\"font-weight: 400\">\u201cDe fato, h\u00e1 muito ru\u00eddo nas ruas. Mas n\u00f3s merecemos respeito. O presidente merece respeito pelos 60 milh\u00f5es de votos que recebeu. Verbalmente, h\u00e1 excessos. Mas ele n\u00e3o ultrapassou as regras democr\u00e1ticas\u201d, afirmou Guedes, sons ao fundo de berrantes de apoiadores do presidente e de buzinas de caminh\u00f5es que acamparam na Esplanada dos Minist\u00e9rios ao fundo e que, segundo ele, &#8220;estavam deixando a capital federal&#8221;.<\/span><\/p>\n<p>&nbsp;<\/p>\n<p><span style=\"font-weight: 400\">O ministro ainda minimizou os conflitos recentes entre as institui\u00e7\u00f5es e defendeu as cr\u00edticas do presidente e de parlamentares governistas ao Supremo como &#8220;liberdade de opini\u00e3o&#8221;.\u00a0<\/span>Guedes voltou a afirmar que as institui\u00e7\u00f5es s\u00e3o fortes e que, como seres humanos, todos erram. E, portanto,\u00a0se houve algum \u201cerro ou mal-entendido\u201d, o presidente divulgou a carta pacificadora ontem para tudo voltar aos trilhos.<\/p>\n<p>&nbsp;<\/p>\n<p><span style=\"font-weight: 400\">Ao ser questionado sobre a reforma do Imposto de Renda, aprovada pela C\u00e2mara, Guedes defendeu a proposta, apesar das mudan\u00e7as feitas pelos deputados e que, pelas estimativas\u00a0 Institui\u00e7\u00e3o Fiscal Independente (IFI), devem gerar mais custos para o governo federal no ano que vem, perto de R$ 28,9 bilh\u00f5es, apenas no ano que vem.\u00a0 \u201cEstamos muito confiantes de que o Senado seguir\u00e1 e aprovar\u00e1 nossa reforma tribut\u00e1ria, que \u00e9 em cap\u00edtulos\u201d, disse. Ele lembrou que a primeira etapa, que unifica as al\u00edquotas de PIS-Cofins, criando a Contribui\u00e7\u00e3o sobre Bens e Servi\u00e7os (CBS) de 12%, foi enviada \u201ch\u00e1 mais de uma ano\u201d ao Congresso.<\/span><\/p>\n<p>&nbsp;<\/p>\n","protected":false},"excerpt":{"rendered":"<p>ROSANA HESSEL Ap\u00f3s os dados do \u00cdndice de Pre\u00e7os ao Consumidor Amplo (IPCA) ficarem em 9,68% no acumulado em 12 meses at\u00e9 agosto, analistas e preveem o indicador da infla\u00e7\u00e3o oficial ultrapassando 10% neste m\u00eas. As proje\u00e7\u00f5es para o \u00edndice no fim do ano, com mediana de 7,58% atualmente,\u00a0continuam sendo revisadas para cima, podendo ficar [&hellip;]<\/p>\n","protected":false},"author":22,"featured_media":19654,"comment_status":"open","ping_status":"closed","sticky":false,"template":"","format":"standard","meta":{"wpb_read_more":[],"footnotes":""},"categories":[600],"tags":[4497,14,1130,1213,3613],"class_list":["post-21111","post","type-post","status-publish","format-standard","has-post-thumbnail","hentry","category-economia","tag-credit-suisse","tag-inflacao","tag-inpc","tag-ipca","tag-paulo-guedes"],"_links":{"self":[{"href":"https:\/\/blogs2.correiobraziliense.com.br\/vicente\/wp-json\/wp\/v2\/posts\/21111","targetHints":{"allow":["GET"]}}],"collection":[{"href":"https:\/\/blogs2.correiobraziliense.com.br\/vicente\/wp-json\/wp\/v2\/posts"}],"about":[{"href":"https:\/\/blogs2.correiobraziliense.com.br\/vicente\/wp-json\/wp\/v2\/types\/post"}],"author":[{"embeddable":true,"href":"https:\/\/blogs2.correiobraziliense.com.br\/vicente\/wp-json\/wp\/v2\/users\/22"}],"replies":[{"embeddable":true,"href":"https:\/\/blogs2.correiobraziliense.com.br\/vicente\/wp-json\/wp\/v2\/comments?post=21111"}],"version-history":[{"count":17,"href":"https:\/\/blogs2.correiobraziliense.com.br\/vicente\/wp-json\/wp\/v2\/posts\/21111\/revisions"}],"predecessor-version":[{"id":21149,"href":"https:\/\/blogs2.correiobraziliense.com.br\/vicente\/wp-json\/wp\/v2\/posts\/21111\/revisions\/21149"}],"wp:featuredmedia":[{"embeddable":true,"href":"https:\/\/blogs2.correiobraziliense.com.br\/vicente\/wp-json\/wp\/v2\/media\/19654"}],"wp:attachment":[{"href":"https:\/\/blogs2.correiobraziliense.com.br\/vicente\/wp-json\/wp\/v2\/media?parent=21111"}],"wp:term":[{"taxonomy":"category","embeddable":true,"href":"https:\/\/blogs2.correiobraziliense.com.br\/vicente\/wp-json\/wp\/v2\/categories?post=21111"},{"taxonomy":"post_tag","embeddable":true,"href":"https:\/\/blogs2.correiobraziliense.com.br\/vicente\/wp-json\/wp\/v2\/tags?post=21111"}],"curies":[{"name":"wp","href":"https:\/\/api.w.org\/{rel}","templated":true}]}}