{"id":21123,"date":"2021-09-10T17:06:20","date_gmt":"2021-09-10T20:06:20","guid":{"rendered":"https:\/\/blogs2.correiobraziliense.com.br\/vicente\/?p=21123"},"modified":"2021-09-10T17:47:50","modified_gmt":"2021-09-10T20:47:50","slug":"queda-da-popularidade-de-bolsonaro-esta-relacionada-com-aumento-da-inflacao","status":"publish","type":"post","link":"https:\/\/blogs2.correiobraziliense.com.br\/vicente\/queda-da-popularidade-de-bolsonaro-esta-relacionada-com-aumento-da-inflacao\/","title":{"rendered":"Queda da popularidade de Bolsonaro est\u00e1 relacionada com aumento da infla\u00e7\u00e3o"},"content":{"rendered":"<h2><span style=\"font-weight: 400\">ROSANA HESSEL<\/span><\/h2>\n<h2><span style=\"font-weight: 400\">O aumento da infla\u00e7\u00e3o e a piora na qualidade de vida dos brasileiros \u00e9 o principal motivo da redu\u00e7\u00e3o da popularidade do presidente Jair Bolsonaro (sem partido), de acordo dados da pesquisa do banco digital Modalmais realizada pela consultoria AP Exata junto \u00e0s redes sociais.\u00a0<\/span><\/h2>\n<p>&nbsp;<\/p>\n<p>&#8220;A queda de popularidade de Bolsonaro n\u00e3o vem de tend\u00eancias ideol\u00f3gicas. A credibilidade do presidente foi caindo e a confian\u00e7a diminuiu bastante desde o aumento da infla\u00e7\u00e3o\u201d, destacou o CEO AP Exata, Sergio Denicoli, durante a apresenta\u00e7\u00e3o virtual dos principais dados da pesquisa Modalmais-Exata, nesta sexta-feira (10\/9). Ele refor\u00e7ou esse resultado est\u00e1 relacionado com a piora da economia, de forma geral, e se isso persistir em 2022, as chances de reelei\u00e7\u00e3o diminuem. Mas, se houver melhora na conjuntura econ\u00f4mica, o cen\u00e1rio ficar\u00e1 favor\u00e1vel para o chefe do Executivo.<\/p>\n<p>&nbsp;<\/p>\n<p>De acordo com Denicoli, a confian\u00e7a no presidente vem atr\u00e1s dos sentimentos de tristeza e raiva, e, quando se perde a credibilidade de uma fatia da popula\u00e7\u00e3o que perde poder econ\u00f4mico, \u00e9 mais dif\u00edcil recuperar essa confian\u00e7a perdida. \u201cO presidente vai ter que trabalhar a economia para poder recuperar essa confian\u00e7a\u201d, afirmou.<\/p>\n<p>&nbsp;<\/p>\n<p>&#8220;Esta semana intensamente pol\u00edtica, pautas de reformas e recupera\u00e7\u00e3o econ\u00f4mica ficaram em suspenso. A infla\u00e7\u00e3o de agosto veio acima do esperado, puxada pela alta da gasolina. Internautas continuam reclamando dos pre\u00e7os de alimentos, g\u00e1s, combust\u00edveis e energia\u201d, destacou o documento. \u201cO consenso nas redes \u00e9 de que a infla\u00e7\u00e3o real j\u00e1 ultrapassou os dois d\u00edgitos h\u00e1 muito tempo. Desemprego e fome s\u00e3o outras preocupa\u00e7\u00f5es dos internautas e constantemente usadas pela oposi\u00e7\u00e3o para atacar o governo e o ministro da Economia, Paulo Guedes\u201d, acrescentou.<\/p>\n<p>&nbsp;<\/p>\n<p>Na avalia\u00e7\u00e3o do executivo, atualmente, infla\u00e7\u00e3o e emprego s\u00e3o as principais preocupa\u00e7\u00f5es dos internautas nas redes quando o assunto est\u00e1 relacionado \u00e0s elei\u00e7\u00f5es. Contudo, devido ao recente atraso no fornecimento de vacinas contra a covid-19, o tema sa\u00fade dever\u00e1 voltar entre as prioridades.<\/p>\n<p>&nbsp;<\/p>\n<p>Conforme os dados da pesquisa, a popularidade de Bolsonaro chegou a cair 3% com o recuo dos ataques feitos nas manifesta\u00e7\u00f5es de 7 de Setembro com a divulga\u00e7\u00e3o da carta pacificadora, \u201cmas se recuperou em menos de 12 horas\u201d.<\/p>\n<p>&nbsp;<\/p>\n<p>O levantamento mostra ainda que as men\u00e7\u00f5es positivas a Bolsonaro nas redes sociais variam entre 30% e 40%, patamar que n\u00e3o foi ultrapassado mesmo durante as manifesta\u00e7\u00f5es pr\u00f3-governo em 7 de Setembro. Antes da sa\u00edda do governo do ex-juiz Sergio Moro, em abril de 2020, essa taxa girava em torno de 50%. Naquela \u00e9poca, o executivo lembrou que a popularidade chegou a cair 10% e levou dois dias para voltar ao patamar anterior.<\/p>\n<p>&nbsp;<\/p>\n<p>Denicoli avaliou que, ao contr\u00e1rio do que afirmou a oposi\u00e7\u00e3o, as manifesta\u00e7\u00f5es de 7 de Setembro n\u00e3o floparam. Para ele, os eventos mostraram que Bolsonaro tem grande capacidade de mobiliza\u00e7\u00e3o e o grande diferencial das manifesta\u00e7\u00f5es foi concentrar pessoas de outros estados em Bras\u00edlia e na Avenida Paulista, em S\u00e3o Paulo, que eram os locais com a participa\u00e7\u00e3o do chefe do Executivo. \u201cO presidente conseguiu mobilizar muito bem os convertidos mas n\u00e3o conseguiu sair da bolha\u201d, afirmou.<\/p>\n<p>&nbsp;<\/p>\n<p>\u201cAcredito que a movimenta\u00e7\u00e3o serviu para mostrar ao pa\u00eds que Bolsonaro \u00e9 capaz de mobilizar for\u00e7as que podem criar um certo caos ao pa\u00eds\u201d, disse. Para ele, Bolsonaro dever\u00e1 reduzir as amea\u00e7as ao Supremo Tribunal Federal (STF), mas dever\u00e1 manter o discurso de fraude eleitoral, porque ele insiste em afirmar que n\u00e3o confia nas urnas eletr\u00f4nicas.<\/p>\n","protected":false},"excerpt":{"rendered":"<p>ROSANA HESSEL O aumento da infla\u00e7\u00e3o e a piora na qualidade de vida dos brasileiros \u00e9 o principal motivo da redu\u00e7\u00e3o da popularidade do presidente Jair Bolsonaro (sem partido), de acordo dados da pesquisa do banco digital Modalmais realizada pela consultoria AP Exata junto \u00e0s redes sociais.\u00a0 &nbsp; &#8220;A queda de popularidade de Bolsonaro n\u00e3o [&hellip;]<\/p>\n","protected":false},"author":22,"featured_media":18401,"comment_status":"open","ping_status":"closed","sticky":false,"template":"","format":"standard","meta":{"wpb_read_more":[],"footnotes":""},"categories":[600],"tags":[5717,5758,2554,14,5709,5170,891],"class_list":["post-21123","post","type-post","status-publish","format-standard","has-post-thumbnail","hentry","category-economia","tag-7-de-setembro","tag-ap-exata","tag-bolsonaro","tag-inflacao","tag-modalmais","tag-pesquia","tag-redes-sociais"],"_links":{"self":[{"href":"https:\/\/blogs2.correiobraziliense.com.br\/vicente\/wp-json\/wp\/v2\/posts\/21123","targetHints":{"allow":["GET"]}}],"collection":[{"href":"https:\/\/blogs2.correiobraziliense.com.br\/vicente\/wp-json\/wp\/v2\/posts"}],"about":[{"href":"https:\/\/blogs2.correiobraziliense.com.br\/vicente\/wp-json\/wp\/v2\/types\/post"}],"author":[{"embeddable":true,"href":"https:\/\/blogs2.correiobraziliense.com.br\/vicente\/wp-json\/wp\/v2\/users\/22"}],"replies":[{"embeddable":true,"href":"https:\/\/blogs2.correiobraziliense.com.br\/vicente\/wp-json\/wp\/v2\/comments?post=21123"}],"version-history":[{"count":8,"href":"https:\/\/blogs2.correiobraziliense.com.br\/vicente\/wp-json\/wp\/v2\/posts\/21123\/revisions"}],"predecessor-version":[{"id":21146,"href":"https:\/\/blogs2.correiobraziliense.com.br\/vicente\/wp-json\/wp\/v2\/posts\/21123\/revisions\/21146"}],"wp:featuredmedia":[{"embeddable":true,"href":"https:\/\/blogs2.correiobraziliense.com.br\/vicente\/wp-json\/wp\/v2\/media\/18401"}],"wp:attachment":[{"href":"https:\/\/blogs2.correiobraziliense.com.br\/vicente\/wp-json\/wp\/v2\/media?parent=21123"}],"wp:term":[{"taxonomy":"category","embeddable":true,"href":"https:\/\/blogs2.correiobraziliense.com.br\/vicente\/wp-json\/wp\/v2\/categories?post=21123"},{"taxonomy":"post_tag","embeddable":true,"href":"https:\/\/blogs2.correiobraziliense.com.br\/vicente\/wp-json\/wp\/v2\/tags?post=21123"}],"curies":[{"name":"wp","href":"https:\/\/api.w.org\/{rel}","templated":true}]}}