{"id":21127,"date":"2021-09-10T17:10:21","date_gmt":"2021-09-10T20:10:21","guid":{"rendered":"https:\/\/blogs2.correiobraziliense.com.br\/vicente\/?p=21127"},"modified":"2021-09-11T19:46:35","modified_gmt":"2021-09-11T22:46:35","slug":"bolsonaro-nao-perdeu-seu-perfil-belico-diz-ceo-da-ap-exata","status":"publish","type":"post","link":"https:\/\/blogs2.correiobraziliense.com.br\/vicente\/bolsonaro-nao-perdeu-seu-perfil-belico-diz-ceo-da-ap-exata\/","title":{"rendered":"Bolsonaro n\u00e3o perdeu seu perfil b\u00e9lico, diz CEO da AP Exata"},"content":{"rendered":"<h2>ROSANA HESSEL<\/h2>\n<h2><\/h2>\n<h2>Apesar da guinada de 180 graus com a divulga\u00e7\u00e3o de carta pacificadora, o presidente Jair Bolsonaro n\u00e3o perdeu o perfil b\u00e9lico de enfrentamento das institui\u00e7\u00f5es, na avalia\u00e7\u00e3o de apoiadores e de opositores.<\/h2>\n<p>&nbsp;<\/p>\n<p>\u201cAssim como a rede de oposi\u00e7\u00e3o, a rede de situa\u00e7\u00e3o n\u00e3o acredita que Bolsonaro perdeu o perfil mais b\u00e9lico. Eu tamb\u00e9m n\u00e3o acredito. Na primeira oportunidade que tiver para mobilizar esse pessoal que gosta de tens\u00e3o, ele vai fazer\u201d, disse o CEO da AP Exata, Sergio Denicoli, nesta sexta-feira (10\/09), durante apresenta\u00e7\u00e3o do resultado de nova edi\u00e7\u00e3o da pesquisa Modalmais-Exata sobre um balan\u00e7o das manifesta\u00e7\u00f5es de 7 de Setembro, quando Bolsonaro fez declara\u00e7\u00f5es de confronto \u00e0 Constitui\u00e7\u00e3o e aos demais Poderes.<\/p>\n<p>&nbsp;<\/p>\n<p>Denicoli destacou que, ap\u00f3s os eventos de 7 de Setembro, o presidente conseguiu o feito de unir os ministros do Supremo Tribunal Federal (STF) e resgatar o debate sobre impeachment, inclusive, entre partidos do Centr\u00e3o, e, para botar panos quentes, <a href=\"https:\/\/www.correiobraziliense.com.br\/politica\/2021\/09\/4948768-temer-solucao-para-problemas-esta-na-pacificacao-e-no-entendimento.html\">emitiu uma carta \u00e0 na\u00e7\u00e3o redigida pelo ex-presidente Michel Temer (MDB)<\/a>.<\/p>\n<p>&nbsp;<\/p>\n<p>\u201cBolsonaro entendeu que n\u00e3o \u00e9 bom esticar tanto a corda. Ele conseguiu a fa\u00e7anha de unificar o STF e dez com que o impeachment voltasse \u00e0 pauta. Com essa press\u00e3o forte, ele ganhou um tempo com esse recuo, mas ele \u00e9 um jogador de xadrez\u201d, disse. Para Denicoli, o presidente dever\u00e1 reduzir as amea\u00e7as ao Supremo, mas manter\u00e1 o discurso de fraude eleitoral, porque vai insistir na tese de que as urnas eletr\u00f4nicas n\u00e3o s\u00e3o confi\u00e1veis caso o resultado em 2022 n\u00e3o for favor\u00e1vel a ele.<\/p>\n<p>&nbsp;<\/p>\n<p>O pesquisador contou que a milit\u00e2ncia n\u00e3o gostou desse recuo Bolsonaro, mas a popularidade do presidente nas redes caiu pouco e se recuperou rapidamente ap\u00f3s a transmiss\u00e3o ao vivo das quintas-feiras, onde ele explicou os motivos, alegando que era para manter a governabilidade. Ali\u00e1s, a recupera\u00e7\u00e3o foi mais r\u00e1pida do que em abril de 2020, quando o ex-juiz Sergio Moro deixou o governo.<\/p>\n<p>&nbsp;<\/p>\n<p>Conforme dados da pesquisa,\u00a0apesar de a oposi\u00e7\u00e3o achar que as manifesta\u00e7\u00f5es floparam, os eventos deram ao presidente muita for\u00e7a. \u201cAo mesmo tempo em que Bolsonaro se colocou diante de um impasse, amea\u00e7ando cometer crimes de responsabilidade, o movimento culminou na paralisa\u00e7\u00e3o de rodovias por um grupo de apoiadores do presidente, mostrando que ele ainda tem poder de mobiliza\u00e7\u00e3o\u201d, destacou Denicoli.<\/p>\n<p>&nbsp;<\/p>\n<p><strong>Terceira via sem vez<\/strong><\/p>\n<p>&nbsp;<\/p>\n<p>Os \u00faltimos eventos fecharam o caminho para uma terceira via para as elei\u00e7\u00f5es de 2022, porque n\u00e3o existe um rosto para mobiliza\u00e7\u00f5es, na avalia\u00e7\u00e3o do CEO da AP Exata. \u201cA terceira via perdeu relev\u00e2ncia e mobiliza\u00e7\u00e3o. A terceira via precisa das ruas e elas est\u00e3o monopolizadas pela polariza\u00e7\u00e3o\u201d, disse. Segundo ele, houve diminui\u00e7\u00e3o do engajamento das manifesta\u00e7\u00f5es neste fim de semana ap\u00f3s a carta de Bolsonaro.<\/p>\n<p>&nbsp;<\/p>\n<p>&#8220;Os esfor\u00e7os do MBL em agregar for\u00e7as\u00a0de esquerda e centro-esquerda nos atos\u00a0previstos para domingo encontraram\u00a0forte rejei\u00e7\u00e3o de petistas e psolistas. Ciro\u00a0Gomes (PDT), que ambiciona ser o candidato da\u00a0terceira via aderiu ao movimento, tendo\u00a0sido elogiado por sua pr\u00f3pria milit\u00e2ncia&#8221;, informou o documento. &#8220;No entanto, Ciro n\u00e3o revelou nas redes\u00a0uma capacidade de mobiliza\u00e7\u00e3o de rua e\u00a0pouco deve agregar \u00e0s manifesta\u00e7\u00f5es. Os\u00a0protestos tiveram um bom destaque no\u00a0in\u00edcio da semana, mas perderam\u00a0engajamento diante dos acontecimentos\u00a0pol\u00edticos intensos dos \u00faltimos dias. At\u00e9 o\u00a0momento, apenas o bolsonarismo e o\u00a0petismo conseguiram demonstrar for\u00e7a\u00a0para mobilizar as massas. O centro\u00a0quebra a polariza\u00e7\u00e3o das ruas, mas, sem<br \/>\num candidato definido, encontra\u00a0dificuldades de ocupar um espa\u00e7o que,\u00a0at\u00e9 agora, permanece vago&#8221;, acrescentou.<\/p>\n<p>&nbsp;<\/p>\n<p>Para o executivo, Bolsonaro e o ex-presidente Luiz In\u00e1cio Lula da Silva (PT) s\u00e3o as duas grandes for\u00e7as pol\u00edticas capazes de mobiliza\u00e7\u00f5es nas redes sociais e, portanto, n\u00e3o h\u00e1 espa\u00e7o para uma terceira via at\u00e9 o momento.\u00a0\u201cAcredito que a movimenta\u00e7\u00e3o serviu para mostrar ao pa\u00eds que Bolsonaro \u00e9 capaz de mobilizar for\u00e7as que podem criar um certo caos ao pa\u00eds\u201d, disse.<\/p>\n<p>&nbsp;<\/p>\n<p>De acordo com o consultor, apesar da participa\u00e7\u00e3o de Michel Temer nesse processo de pacifica\u00e7\u00e3o \u201ctempor\u00e1ria\u201d entre os Poderes, n\u00e3o rendeu grandes frutos ao emedebista, apesar de ele ter apresentado resultados positivos na economia quando assumiu o poder ap\u00f3s o impeachment da ex-presidente Dilma Rousseff. \u201cTemer n\u00e3o conseguiu se tornar um\u00a0grande l\u00edder pol\u00edtico, apesar de apresentar resultados positivos\u201d, frisou Denicoli.<\/p>\n<p>&nbsp;<\/p>\n<p>&nbsp;<\/p>\n","protected":false},"excerpt":{"rendered":"<p>ROSANA HESSEL Apesar da guinada de 180 graus com a divulga\u00e7\u00e3o de carta pacificadora, o presidente Jair Bolsonaro n\u00e3o perdeu o perfil b\u00e9lico de enfrentamento das institui\u00e7\u00f5es, na avalia\u00e7\u00e3o de apoiadores e de opositores. &nbsp; \u201cAssim como a rede de oposi\u00e7\u00e3o, a rede de situa\u00e7\u00e3o n\u00e3o acredita que Bolsonaro perdeu o perfil mais b\u00e9lico. Eu [&hellip;]<\/p>\n","protected":false},"author":22,"featured_media":20336,"comment_status":"open","ping_status":"closed","sticky":false,"template":"","format":"standard","meta":{"wpb_read_more":[],"footnotes":""},"categories":[600],"tags":[5717,5758,2554,5770,5709,465,891,5769],"class_list":["post-21127","post","type-post","status-publish","format-standard","has-post-thumbnail","hentry","category-economia","tag-7-de-setembro","tag-ap-exata","tag-bolsonaro","tag-eleicoes-2022","tag-modalmais","tag-pesquisa","tag-redes-sociais","tag-terceira-via"],"_links":{"self":[{"href":"https:\/\/blogs2.correiobraziliense.com.br\/vicente\/wp-json\/wp\/v2\/posts\/21127","targetHints":{"allow":["GET"]}}],"collection":[{"href":"https:\/\/blogs2.correiobraziliense.com.br\/vicente\/wp-json\/wp\/v2\/posts"}],"about":[{"href":"https:\/\/blogs2.correiobraziliense.com.br\/vicente\/wp-json\/wp\/v2\/types\/post"}],"author":[{"embeddable":true,"href":"https:\/\/blogs2.correiobraziliense.com.br\/vicente\/wp-json\/wp\/v2\/users\/22"}],"replies":[{"embeddable":true,"href":"https:\/\/blogs2.correiobraziliense.com.br\/vicente\/wp-json\/wp\/v2\/comments?post=21127"}],"version-history":[{"count":6,"href":"https:\/\/blogs2.correiobraziliense.com.br\/vicente\/wp-json\/wp\/v2\/posts\/21127\/revisions"}],"predecessor-version":[{"id":21152,"href":"https:\/\/blogs2.correiobraziliense.com.br\/vicente\/wp-json\/wp\/v2\/posts\/21127\/revisions\/21152"}],"wp:featuredmedia":[{"embeddable":true,"href":"https:\/\/blogs2.correiobraziliense.com.br\/vicente\/wp-json\/wp\/v2\/media\/20336"}],"wp:attachment":[{"href":"https:\/\/blogs2.correiobraziliense.com.br\/vicente\/wp-json\/wp\/v2\/media?parent=21127"}],"wp:term":[{"taxonomy":"category","embeddable":true,"href":"https:\/\/blogs2.correiobraziliense.com.br\/vicente\/wp-json\/wp\/v2\/categories?post=21127"},{"taxonomy":"post_tag","embeddable":true,"href":"https:\/\/blogs2.correiobraziliense.com.br\/vicente\/wp-json\/wp\/v2\/tags?post=21127"}],"curies":[{"name":"wp","href":"https:\/\/api.w.org\/{rel}","templated":true}]}}