{"id":21156,"date":"2021-09-14T15:27:42","date_gmt":"2021-09-14T18:27:42","guid":{"rendered":"https:\/\/blogs2.correiobraziliense.com.br\/vicente\/?p=21156"},"modified":"2021-09-14T15:48:52","modified_gmt":"2021-09-14T18:48:52","slug":"para-integrantes-da-equipe-economica-bolsonaro-ja-deu-torcida-e-por-terceira-via","status":"publish","type":"post","link":"https:\/\/blogs2.correiobraziliense.com.br\/vicente\/para-integrantes-da-equipe-economica-bolsonaro-ja-deu-torcida-e-por-terceira-via\/","title":{"rendered":"Para integrantes da equipe econ\u00f4mica, &#8220;Bolsonaro j\u00e1 deu&#8221;. Torcida \u00e9 por terceira via"},"content":{"rendered":"<h2>Integrantes da equipe econ\u00f4mica, que n\u00e3o compartilham do endeusamento do presidente da Rep\u00fablica pelo ministro da Economia, Paulo Guedes, dizem, em conversas reservadas, que &#8220;Jair Bolsonaro j\u00e1 deu&#8221;. Para eles, ser\u00e1 muito bom ao pa\u00eds se uma boa candidatura da terceira via vencer as elei\u00e7\u00f5es de 2022.<\/h2>\n<p>&nbsp;<\/p>\n<p>No entender desse grupo \u2014 minorit\u00e1rio, ressalte-se, no Minist\u00e9rio da Economia \u2014, Bolsonaro simplesmente rasgou o programa liberal com o qual foi eleito e que teve Guedes como grande fiador. &#8220;As grandes reformas est\u00e3o paralisadas e tudo o que foi apresentado \u00e9 muito ruim&#8221;, diz um dos t\u00e9cnicos.<\/p>\n<p>&nbsp;<\/p>\n<p>Os subordinados de Guedes dizem que o pr\u00f3prio ministro se rendeu &#8220;ao despreparo de Bolsonaro&#8221; para liderar o Brasil. Fala muito e faz pouco. E, quando fala, provoca pol\u00eamica por pensar muito parecido com o presidente da Rep\u00fablica. O ministro \u00e9 visto como um grande conservador e cheio de preconceitos.<\/p>\n<p>&nbsp;<\/p>\n<p>Esses integrantes da equipe econ\u00f4mica tamb\u00e9m n\u00e3o veem com bons olhos uma poss\u00edvel elei\u00e7\u00e3o do ex-presidente Lula, que lidera as inten\u00e7\u00f5es de votos em todas as pesquisas. Alegam que o aparelhamento feito pelo PT durante os 14 anos em que esteve no poder foi prejudicial para o pa\u00eds.<\/p>\n<p>&nbsp;<\/p>\n<p>Dos nomes que est\u00e3o colocados at\u00e9 agora, como Jo\u00e3o Doria, Eduardo Leite, Luiz Henrique Mandetta e Rodrigo Pacheco, nenhum anima os integrantes da equipe econ\u00f4mica. &#8220;Falta algu\u00e9m que realmente movimente as massas, que passe confian\u00e7a para atrair os eleitores&#8221;, afirma outro t\u00e9cnico.<\/p>\n<p>&nbsp;<\/p>\n<p><em>Bras\u00edlia, 15h27min<\/em><\/p>\n","protected":false},"excerpt":{"rendered":"<p>Integrantes da equipe econ\u00f4mica, que n\u00e3o compartilham do endeusamento do presidente da Rep\u00fablica pelo ministro da Economia, Paulo Guedes, dizem, em conversas reservadas, que &#8220;Jair Bolsonaro j\u00e1 deu&#8221;. Para eles, ser\u00e1 muito bom ao pa\u00eds se uma boa candidatura da terceira via vencer as elei\u00e7\u00f5es de 2022. &nbsp; No entender desse grupo \u2014 minorit\u00e1rio, ressalte-se, [&hellip;]<\/p>\n","protected":false},"author":22,"featured_media":15234,"comment_status":"open","ping_status":"closed","sticky":false,"template":"","format":"standard","meta":{"wpb_read_more":[],"footnotes":""},"categories":[600],"tags":[5774,589,5773,2526,2787],"class_list":["post-21156","post","type-post","status-publish","format-standard","has-post-thumbnail","hentry","category-economia","tag-bolsonaro-ja-deu-torcida-e-por-terceira-via","tag-economia","tag-para-integrantes-da-equipe-economica","tag-poder","tag-politica"],"_links":{"self":[{"href":"https:\/\/blogs2.correiobraziliense.com.br\/vicente\/wp-json\/wp\/v2\/posts\/21156","targetHints":{"allow":["GET"]}}],"collection":[{"href":"https:\/\/blogs2.correiobraziliense.com.br\/vicente\/wp-json\/wp\/v2\/posts"}],"about":[{"href":"https:\/\/blogs2.correiobraziliense.com.br\/vicente\/wp-json\/wp\/v2\/types\/post"}],"author":[{"embeddable":true,"href":"https:\/\/blogs2.correiobraziliense.com.br\/vicente\/wp-json\/wp\/v2\/users\/22"}],"replies":[{"embeddable":true,"href":"https:\/\/blogs2.correiobraziliense.com.br\/vicente\/wp-json\/wp\/v2\/comments?post=21156"}],"version-history":[{"count":1,"href":"https:\/\/blogs2.correiobraziliense.com.br\/vicente\/wp-json\/wp\/v2\/posts\/21156\/revisions"}],"predecessor-version":[{"id":21157,"href":"https:\/\/blogs2.correiobraziliense.com.br\/vicente\/wp-json\/wp\/v2\/posts\/21156\/revisions\/21157"}],"wp:featuredmedia":[{"embeddable":true,"href":"https:\/\/blogs2.correiobraziliense.com.br\/vicente\/wp-json\/wp\/v2\/media\/15234"}],"wp:attachment":[{"href":"https:\/\/blogs2.correiobraziliense.com.br\/vicente\/wp-json\/wp\/v2\/media?parent=21156"}],"wp:term":[{"taxonomy":"category","embeddable":true,"href":"https:\/\/blogs2.correiobraziliense.com.br\/vicente\/wp-json\/wp\/v2\/categories?post=21156"},{"taxonomy":"post_tag","embeddable":true,"href":"https:\/\/blogs2.correiobraziliense.com.br\/vicente\/wp-json\/wp\/v2\/tags?post=21156"}],"curies":[{"name":"wp","href":"https:\/\/api.w.org\/{rel}","templated":true}]}}