{"id":21165,"date":"2021-09-14T19:51:11","date_gmt":"2021-09-14T22:51:11","guid":{"rendered":"https:\/\/blogs2.correiobraziliense.com.br\/vicente\/?p=21165"},"modified":"2021-09-14T20:31:34","modified_gmt":"2021-09-14T23:31:34","slug":"banco-do-brasil-reintegra-cinco-auditores-que-haviam-sido-acusados-de-fraudes","status":"publish","type":"post","link":"https:\/\/blogs2.correiobraziliense.com.br\/vicente\/banco-do-brasil-reintegra-cinco-auditores-que-haviam-sido-acusados-de-fraudes\/","title":{"rendered":"Banco do Brasil reintegra cinco auditores que haviam sido acusados de fraudes"},"content":{"rendered":"<h2>O Banco do Brasil reintegrou em seu quadros cinco dos sete auditores que foram afastados dos cargos acusados de &#8220;desvio comportamental grave e fraudes&#8221;. Pelas regras da institui\u00e7\u00e3o, eles ficariam afastados por um ano. Tr\u00eas assumiram cargos de executivos, com todos os benef\u00edcios trabalhistas, e dois retomaram cargos de ger\u00eancia.<\/h2>\n<p>&nbsp;<\/p>\n<p>A reintegra\u00e7\u00e3o dos auditores comprova, no entender de funcion\u00e1rios da pr\u00f3pria institui\u00e7\u00e3o, que todo o processo de afastamento e demiss\u00e3o \u2014 dois executivos foram demitidos por justa causa e brigam na Justi\u00e7a do Trabalho contra o BB \u2014 foi a\u00e7odado. O entendimento \u00e9 simples: se havia realmente algo errado, por que eles voltariam para o banco?<\/p>\n<p>&nbsp;<\/p>\n<p>A reintegra\u00e7\u00e3o dos auditores n\u00e3o encerra um processo aberto pela Controladoria-Geral da Uni\u00e3o (CGU) sobre o caso contra o Banco do Brasil. O que se sabe \u00e9 que a Corregedoria quer levar o processo contra o BB at\u00e9 o final.<\/p>\n<p>&nbsp;<\/p>\n<p>Por enquanto, as investiga\u00e7\u00f5es pela CGU sobre o afastamento e as demiss\u00f5es de auditores est\u00e3o suspensas por meio da uma liminar obtida pelo Banco do Brasil. A institui\u00e7\u00e3o alegou \u00e0 Justi\u00e7a que o caso se trata de quest\u00f5es trabalhistas, n\u00e3o cabendo, portanto, \u00e0 Controladoria se meter nesse caso entre patr\u00e3o e empregados.<\/p>\n<p>&nbsp;<\/p>\n<p>A CGU, contudo, n\u00e3o aceita esse argumento. Para a Corregedoria, o que se est\u00e1 investigando \u00e9 se o BB seguiu os ritos normais do processo. Ao que tudo indica, houve muitas falhas na decis\u00e3o de afastar e demitir os auditores. Se realmente tivesse havido &#8220;desvio comportamental grave e fraudes&#8221;, o banco n\u00e3o os teria reintegrado a seus quadros.<\/p>\n<p>&nbsp;<\/p>\n<p>Al\u00e9m da CGU, o afastamento e as demiss\u00f5es de auditores em agosto de 2020 est\u00e3o sendo investigadas pelo Tribunal de Contas da Uni\u00e3o. O procurador Lucas Furtado, representante do Minist\u00e9rio P\u00fablico na Corte, v\u00ea s\u00e9rios ind\u00edcios de irregularidades no processo conduzido pelo BB.<\/p>\n<p>&nbsp;<\/p>\n<p><em>Bras\u00edlia, 19h51min<\/em><\/p>\n","protected":false},"excerpt":{"rendered":"<p>O Banco do Brasil reintegrou em seu quadros cinco dos sete auditores que foram afastados dos cargos acusados de &#8220;desvio comportamental grave e fraudes&#8221;. Pelas regras da institui\u00e7\u00e3o, eles ficariam afastados por um ano. Tr\u00eas assumiram cargos de executivos, com todos os benef\u00edcios trabalhistas, e dois retomaram cargos de ger\u00eancia. &nbsp; A reintegra\u00e7\u00e3o dos auditores [&hellip;]<\/p>\n","protected":false},"author":22,"featured_media":11442,"comment_status":"open","ping_status":"closed","sticky":false,"template":"","format":"standard","meta":{"wpb_read_more":[],"footnotes":""},"categories":[600],"tags":[5778,589,4943,4547],"class_list":["post-21165","post","type-post","status-publish","format-standard","has-post-thumbnail","hentry","category-economia","tag-banco-do-brasil-reintegra-cinco-auditores-que-haviam-sido-acusados-de-fraudes","tag-economia","tag-financas","tag-negocios"],"_links":{"self":[{"href":"https:\/\/blogs2.correiobraziliense.com.br\/vicente\/wp-json\/wp\/v2\/posts\/21165","targetHints":{"allow":["GET"]}}],"collection":[{"href":"https:\/\/blogs2.correiobraziliense.com.br\/vicente\/wp-json\/wp\/v2\/posts"}],"about":[{"href":"https:\/\/blogs2.correiobraziliense.com.br\/vicente\/wp-json\/wp\/v2\/types\/post"}],"author":[{"embeddable":true,"href":"https:\/\/blogs2.correiobraziliense.com.br\/vicente\/wp-json\/wp\/v2\/users\/22"}],"replies":[{"embeddable":true,"href":"https:\/\/blogs2.correiobraziliense.com.br\/vicente\/wp-json\/wp\/v2\/comments?post=21165"}],"version-history":[{"count":6,"href":"https:\/\/blogs2.correiobraziliense.com.br\/vicente\/wp-json\/wp\/v2\/posts\/21165\/revisions"}],"predecessor-version":[{"id":21171,"href":"https:\/\/blogs2.correiobraziliense.com.br\/vicente\/wp-json\/wp\/v2\/posts\/21165\/revisions\/21171"}],"wp:featuredmedia":[{"embeddable":true,"href":"https:\/\/blogs2.correiobraziliense.com.br\/vicente\/wp-json\/wp\/v2\/media\/11442"}],"wp:attachment":[{"href":"https:\/\/blogs2.correiobraziliense.com.br\/vicente\/wp-json\/wp\/v2\/media?parent=21165"}],"wp:term":[{"taxonomy":"category","embeddable":true,"href":"https:\/\/blogs2.correiobraziliense.com.br\/vicente\/wp-json\/wp\/v2\/categories?post=21165"},{"taxonomy":"post_tag","embeddable":true,"href":"https:\/\/blogs2.correiobraziliense.com.br\/vicente\/wp-json\/wp\/v2\/tags?post=21165"}],"curies":[{"name":"wp","href":"https:\/\/api.w.org\/{rel}","templated":true}]}}