{"id":21176,"date":"2021-09-16T19:31:58","date_gmt":"2021-09-16T22:31:58","guid":{"rendered":"https:\/\/blogs2.correiobraziliense.com.br\/vicente\/?p=21176"},"modified":"2021-09-16T20:11:05","modified_gmt":"2021-09-16T23:11:05","slug":"guedes-sera-a-maior-vitima-da-rejeicao-a-bolsonaro","status":"publish","type":"post","link":"https:\/\/blogs2.correiobraziliense.com.br\/vicente\/guedes-sera-a-maior-vitima-da-rejeicao-a-bolsonaro\/","title":{"rendered":"Guedes ser\u00e1 a maior v\u00edtima da rejei\u00e7\u00e3o a Bolsonaro"},"content":{"rendered":"<h2>A ala politica do governo j\u00e1 faz o esquenta a fim de partir com tudo para cima do ministro da Economia, Paulo Guedes. A meta \u00e9 convencer o presidente Jair Bolsonaro de que, caso o governo n\u00e3o haja r\u00e1pido na economia, ver\u00e1 a popularidade dele derreter de vez. Segundo pesquisa Datafolha divulgada nesta quinta-feira (16\/09), apenas 22% dos entrevistados aprovam Bolsonaro.<\/h2>\n<p>&nbsp;<\/p>\n<p>Faltando praticamente um ano para as elei\u00e7\u00f5es de 2022, se a economia n\u00e3o reagir logo, Guedes ser\u00e1 apontando como o grande respons\u00e1vel pelo fracasso de Bolsonaro. O problema \u00e9 que o ministro est\u00e1 de m\u00e3os atadas. No m\u00e1ximo, consegue lan\u00e7ar paliativos, com o aumento do IOF, para arrecadar R$ 2,1 bilh\u00f5es e bancar parte do Aux\u00edlio Brasil, o Bolsa Fam\u00edlia turbinado.<\/p>\n<p>&nbsp;<\/p>\n<p>Para integrantes da ala pol\u00edtica do governo, com assento no Pal\u00e1cio do Planalto, Guedes acreditou nas mentiras que ele criou, como a de que a economia estava se recuperando em V. Os n\u00fameros da atividade mostram que h\u00e1 risco de o Produto Interno Bruto (PIB) nem recuperar o que caiu em 2020 por causa da pandemia do novo coronav\u00edrus.<\/p>\n<p>&nbsp;<\/p>\n<p>As perspectivas s\u00e3o ainda piores para 2022. H\u00e1 riscos de o Brasil mergulhar numa nova recess\u00e3o caso o racionamento de energia se confirme. O resultado ser\u00e1 mais desemprego e pobreza, combinados com infla\u00e7\u00e3o alta, algo explosivo para um candidato que tentar\u00e1 ficar mais quatro anos no poder.<\/p>\n<p>&nbsp;<\/p>\n<p>O Datafolha mostra, tamb\u00e9m, que 53% dos entrevistados rejeitam Bolsonaro, um recorde deste o in\u00edcio do mandato. Ou seja, a bolha que ainda apoia do presidente est\u00e1 desinflando numa velocidade impressionante. Mesmo em \u00e1reas onde ele era forte, como no Sul do pa\u00eds, a rejei\u00e7\u00e3o est\u00e1 em disparada.<\/p>\n<p>&nbsp;<\/p>\n<p>Se j\u00e1 n\u00e3o havia boa vontade da ala pol\u00edtica do Planalto e do Centr\u00e3o com Guedes, a partir de agora, com a economia derretendo e a popularidade do presidente desabando, a press\u00e3o vai aumentar. Os pol\u00edticos acreditam que Guedes achou que podia tudo e enganou Bolsonaro at\u00e9 aqui. A pesquisa Datafolha, no entanto, virou a chave. O ministro que se prepare.<\/p>\n<p>&nbsp;<\/p>\n<p><em>Bras\u00edlia, 19h31min\u00a0\u00a0<\/em><\/p>\n","protected":false},"excerpt":{"rendered":"<p>A ala politica do governo j\u00e1 faz o esquenta a fim de partir com tudo para cima do ministro da Economia, Paulo Guedes. A meta \u00e9 convencer o presidente Jair Bolsonaro de que, caso o governo n\u00e3o haja r\u00e1pido na economia, ver\u00e1 a popularidade dele derreter de vez. Segundo pesquisa Datafolha divulgada nesta quinta-feira (16\/09), [&hellip;]<\/p>\n","protected":false},"author":22,"featured_media":15842,"comment_status":"open","ping_status":"closed","sticky":false,"template":"","format":"standard","meta":{"wpb_read_more":[],"footnotes":""},"categories":[600],"tags":[589,5784,2526,2787],"class_list":["post-21176","post","type-post","status-publish","format-standard","has-post-thumbnail","hentry","category-economia","tag-economia","tag-guedes-sera-a-maior-vitima-da-rejeicao-de-bolsonaro","tag-poder","tag-politica"],"_links":{"self":[{"href":"https:\/\/blogs2.correiobraziliense.com.br\/vicente\/wp-json\/wp\/v2\/posts\/21176","targetHints":{"allow":["GET"]}}],"collection":[{"href":"https:\/\/blogs2.correiobraziliense.com.br\/vicente\/wp-json\/wp\/v2\/posts"}],"about":[{"href":"https:\/\/blogs2.correiobraziliense.com.br\/vicente\/wp-json\/wp\/v2\/types\/post"}],"author":[{"embeddable":true,"href":"https:\/\/blogs2.correiobraziliense.com.br\/vicente\/wp-json\/wp\/v2\/users\/22"}],"replies":[{"embeddable":true,"href":"https:\/\/blogs2.correiobraziliense.com.br\/vicente\/wp-json\/wp\/v2\/comments?post=21176"}],"version-history":[{"count":2,"href":"https:\/\/blogs2.correiobraziliense.com.br\/vicente\/wp-json\/wp\/v2\/posts\/21176\/revisions"}],"predecessor-version":[{"id":21178,"href":"https:\/\/blogs2.correiobraziliense.com.br\/vicente\/wp-json\/wp\/v2\/posts\/21176\/revisions\/21178"}],"wp:featuredmedia":[{"embeddable":true,"href":"https:\/\/blogs2.correiobraziliense.com.br\/vicente\/wp-json\/wp\/v2\/media\/15842"}],"wp:attachment":[{"href":"https:\/\/blogs2.correiobraziliense.com.br\/vicente\/wp-json\/wp\/v2\/media?parent=21176"}],"wp:term":[{"taxonomy":"category","embeddable":true,"href":"https:\/\/blogs2.correiobraziliense.com.br\/vicente\/wp-json\/wp\/v2\/categories?post=21176"},{"taxonomy":"post_tag","embeddable":true,"href":"https:\/\/blogs2.correiobraziliense.com.br\/vicente\/wp-json\/wp\/v2\/tags?post=21176"}],"curies":[{"name":"wp","href":"https:\/\/api.w.org\/{rel}","templated":true}]}}