{"id":21179,"date":"2021-09-17T16:00:52","date_gmt":"2021-09-17T19:00:52","guid":{"rendered":"https:\/\/blogs2.correiobraziliense.com.br\/vicente\/?p=21179"},"modified":"2021-09-18T17:25:18","modified_gmt":"2021-09-18T20:25:18","slug":"guedes-esperou-30-anos-para-ser-ministro-agora-sabe-se-o-porque","status":"publish","type":"post","link":"https:\/\/blogs2.correiobraziliense.com.br\/vicente\/guedes-esperou-30-anos-para-ser-ministro-agora-sabe-se-o-porque\/","title":{"rendered":"Guedes esperou 30 anos para ser ministro. Agora, sabe-se o porqu\u00ea"},"content":{"rendered":"<h2>Quando se ofereceu para integrar a equipe do ent\u00e3o candidato Jair Bolsonaro, o economista Paulo Guedes esperava, finalmente, realizar um sonho acalentado havia 30 anos: comandar a economia do pa\u00eds. Com Bolsonaro eleito, o grande dia chegou. E com pompas e circunst\u00e2ncias. Ele n\u00e3o assumiu apenas o sonhado Minist\u00e9rio da Fazenda. Levou, de quebra, cinco pastas que resultaram no Minist\u00e9rio a Economia.<\/h2>\n<p>&nbsp;<\/p>\n<p>Quase tr\u00eas anos depois, o Posto Ipiranga de Bolsonaro, o superministro, no qual empres\u00e1rios e investidores depositaram toda a confian\u00e7a, tornou-se o s\u00edmbolo do fracasso. Agora, sabe-se com clareza o porqu\u00ea de ele nunca ter integrado nenhuma equipe econ\u00f4mica desde a redemocratiza\u00e7\u00e3o do pa\u00eds.<\/p>\n<p>&nbsp;<\/p>\n<p>Guedes assumiu com um discurso cheio de promessas de tirar o Brasil do atraso. Bom de ret\u00f3rica, iludiu cora\u00e7\u00f5es e mentes, as mesmas que acreditaram que Bolsonaro era a melhor pessoa para comandar o pa\u00eds. A pol\u00edtica liberal que ele implantaria tornaria o Estado mais eficiente e o crescimento econ\u00f4mico seria consequ\u00eancia.<\/p>\n<p>&nbsp;<\/p>\n<p><strong>Com a m\u00e3o amiga de Temer<\/strong><\/p>\n<p>&nbsp;<\/p>\n<p>No primeiro ano de governo Bolsonaro, Guedes se aproveitou de todo o trabalho feito por Michel Temer e conseguiu aprovar a reforma da Previd\u00eancia sem o m\u00ednimo esfor\u00e7o. Todo o trabalho foi feito pelo ent\u00e3o presidente da C\u00e2mara, Rodrigo Maia. Com o teto de gastos, tamb\u00e9m heran\u00e7a de Temer, manteve as contas p\u00fablicas sob controle, apesar de n\u00e3o ter cumprido a meta de zerar o deficit p\u00fablico em apenas 12 meses.<\/p>\n<p>&nbsp;<\/p>\n<p>Tamb\u00e9m nesse primeiro ano de governo, nenhuma privatiza\u00e7\u00e3o foi realizada. N\u00e3o se viu nada do R$ 1 trilh\u00e3o que Guedes prometia arrecadar. O crescimento do Produto Interno Bruto (PIB) em 2019 fixou em m\u00f3dico 1,4%. Mesmo com esse fiasco, os agentes econ\u00f4micos continuaram apostando tudo em Guedes.<\/p>\n<p>&nbsp;<\/p>\n<p>Com a chegada da pandemia, o ministro da Economia, com sua soberba, demorou muito a agir. Como o chefe, acreditou que o impacto da crise sanit\u00e1ria seria m\u00ednimo. Quando viu o tamanho do estrago, correu para dar o suporte que os agentes econ\u00f4micos precisavam. Logo depois, encampou o mantra de que o Brasil seria o pa\u00eds menos atingido pela pandemia e que a economia teria retomada em V.<\/p>\n<p>&nbsp;<\/p>\n<p><strong>Economia continua no limbo<\/strong><\/p>\n<p>&nbsp;<\/p>\n<p>Pois n\u00e3o s\u00f3 a economia continua no limbo, como o pa\u00eds enfrenta uma disparada preocupante da infla\u00e7\u00e3o, associada a desemprego acima de 14% e aumento substancial da pobreza. Para completar, o Banco Central vem subindo sistematicamente a taxa b\u00e1sica de juros (Selic), que est\u00e1 5,25% ao ano. J\u00e1 na pr\u00f3xima semana, saltar\u00e1 para pelo menos 6,25% e continuar\u00e1 aumentando.<\/p>\n<p>&nbsp;<\/p>\n<p>Ou seja, com Guedes \u00e0 frente da economia, o BC levar\u00e1 os juros para um n\u00edvel muito maior do que o atual governo recebeu de Temer: 6,50% ao ano. O consenso \u00e9 de que a taxa Selic feche o ano entre 8% e 9%. Mas ningu\u00e9m descarta a possibilidade de o indicador chegar a 10% anuais. J\u00e1 o\u00a0crescimento previsto para 2022, ano de elei\u00e7\u00e3o, aponta para menos de 1%, projetam bancos e consultorias.<\/p>\n<p>&nbsp;<\/p>\n<p>Diante desses n\u00fameros, d\u00e1 para entender porque Guedes s\u00f3 conseguiu emergir como ministro num governo Bolsonaro. Pobre Brasil.<\/p>\n<p>&nbsp;<\/p>\n<p><em>Bras\u00edlia, 16h00min<\/em><\/p>\n","protected":false},"excerpt":{"rendered":"<p>Quando se ofereceu para integrar a equipe do ent\u00e3o candidato Jair Bolsonaro, o economista Paulo Guedes esperava, finalmente, realizar um sonho acalentado havia 30 anos: comandar a economia do pa\u00eds. Com Bolsonaro eleito, o grande dia chegou. E com pompas e circunst\u00e2ncias. Ele n\u00e3o assumiu apenas o sonhado Minist\u00e9rio da Fazenda. Levou, de quebra, cinco [&hellip;]<\/p>\n","protected":false},"author":22,"featured_media":15307,"comment_status":"open","ping_status":"closed","sticky":false,"template":"","format":"standard","meta":{"wpb_read_more":[],"footnotes":""},"categories":[600],"tags":[589,4943,5785,2787,5786],"class_list":["post-21179","post","type-post","status-publish","format-standard","has-post-thumbnail","hentry","category-economia","tag-economia","tag-financas","tag-guedes-esperou-30-anos-para-ser-ministro-agora","tag-politica","tag-sabe-se-o-porque"],"_links":{"self":[{"href":"https:\/\/blogs2.correiobraziliense.com.br\/vicente\/wp-json\/wp\/v2\/posts\/21179","targetHints":{"allow":["GET"]}}],"collection":[{"href":"https:\/\/blogs2.correiobraziliense.com.br\/vicente\/wp-json\/wp\/v2\/posts"}],"about":[{"href":"https:\/\/blogs2.correiobraziliense.com.br\/vicente\/wp-json\/wp\/v2\/types\/post"}],"author":[{"embeddable":true,"href":"https:\/\/blogs2.correiobraziliense.com.br\/vicente\/wp-json\/wp\/v2\/users\/22"}],"replies":[{"embeddable":true,"href":"https:\/\/blogs2.correiobraziliense.com.br\/vicente\/wp-json\/wp\/v2\/comments?post=21179"}],"version-history":[{"count":2,"href":"https:\/\/blogs2.correiobraziliense.com.br\/vicente\/wp-json\/wp\/v2\/posts\/21179\/revisions"}],"predecessor-version":[{"id":21184,"href":"https:\/\/blogs2.correiobraziliense.com.br\/vicente\/wp-json\/wp\/v2\/posts\/21179\/revisions\/21184"}],"wp:featuredmedia":[{"embeddable":true,"href":"https:\/\/blogs2.correiobraziliense.com.br\/vicente\/wp-json\/wp\/v2\/media\/15307"}],"wp:attachment":[{"href":"https:\/\/blogs2.correiobraziliense.com.br\/vicente\/wp-json\/wp\/v2\/media?parent=21179"}],"wp:term":[{"taxonomy":"category","embeddable":true,"href":"https:\/\/blogs2.correiobraziliense.com.br\/vicente\/wp-json\/wp\/v2\/categories?post=21179"},{"taxonomy":"post_tag","embeddable":true,"href":"https:\/\/blogs2.correiobraziliense.com.br\/vicente\/wp-json\/wp\/v2\/tags?post=21179"}],"curies":[{"name":"wp","href":"https:\/\/api.w.org\/{rel}","templated":true}]}}