{"id":21181,"date":"2021-09-17T21:40:02","date_gmt":"2021-09-18T00:40:02","guid":{"rendered":"https:\/\/blogs2.correiobraziliense.com.br\/vicente\/?p=21181"},"modified":"2021-09-17T22:04:42","modified_gmt":"2021-09-18T01:04:42","slug":"comandante-do-exercito-pede-a-soldados-que-nao-se-deixem-contaminar-por-fake-news","status":"publish","type":"post","link":"https:\/\/blogs2.correiobraziliense.com.br\/vicente\/comandante-do-exercito-pede-a-soldados-que-nao-se-deixem-contaminar-por-fake-news\/","title":{"rendered":"Comandante do Ex\u00e9rcito pede a soldados que n\u00e3o se deixem contaminar por fake news"},"content":{"rendered":"<h2>O comandante do Ex\u00e9rcito, general Paulo S\u00e9rgio, pediu, em pronunciamento divulgado nesta sexta-feira (17\/09) nas redes sociais da For\u00e7a, que os soldados n\u00e3o se deixem contaminar por fake news. Segundo ele, &#8220;\u00e9 preciso buscar a verdade dos fatos&#8221;. Na d\u00favida, que consultem seus superiores.<\/h2>\n<p>&nbsp;<\/p>\n<p>&#8220;Vivemos em um ambiente informacional din\u00e2mico e vol\u00e1til. Nesse espa\u00e7o, flui um volume avassalador de informa\u00e7\u00f5es. Conseguir processar tamanha quantidade e dela extrair os conte\u00fados mais fi\u00e9is, exige a busca da verdade dos fatos&#8221;, afirma o general. Que acrescenta: &#8220;Por isso, muita cautela com o que circula nas m\u00eddias sociais!&#8221;<\/p>\n<p>&nbsp;<\/p>\n<p>Para o general, \u00e9 preciso que os soldados &#8220;analisem, com crit\u00e9rio, e fa\u00e7am a correta interpreta\u00e7\u00e3o das informa\u00e7\u00f5es que acessam ou recebem, mas, principalmente, confiem, ainda mais, em seus comandantes e chefes, em todos os escal\u00f5es hier\u00e1rquicos. Eles est\u00e3o investidos de autoridade e responsabilidade para transmitir a voc\u00eas a melhor, mais \u00e9tica e profissional leitura dos acontecimentos, al\u00e9m de orient\u00e1-los no correto caminho a seguir para o cumprimento do dever&#8221;.<\/p>\n<p>&nbsp;<\/p>\n<p>O discurso do comandante do Ex\u00e9rcito vinha sendo preparado para o Sete de Setembro. Mas acabou adiado diante da pol\u00eamica criada pelo presidente Jair Bolsonaro, que transformou o Dia da Independ\u00eancia em um chamado para que seus apoiadores sa\u00edssem \u00e0s ruas em apoio ao governo e com ataques \u00e0 democracia.<\/p>\n<p>&nbsp;<\/p>\n<p>No mesmo discurso, o general deixou claro que n\u00e3o h\u00e1 espa\u00e7o para a pol\u00edtica dentro dos quart\u00e9is. &#8220;Concito a todos a manter o foco em suas atribui\u00e7\u00f5es, desempenhar, com a dedica\u00e7\u00e3o de sempre, as suas tarefas di\u00e1rias e preservar a uni\u00e3o e a coes\u00e3o, tendo sempre como base s\u00f3lida a hierarquia e a disciplina, verdadeiros apan\u00e1gios de nossa voca\u00e7\u00e3o militar&#8221;, frisa.<\/p>\n<p>&nbsp;<\/p>\n<p><a href=\"https:\/\/www.youtube.com\/embed\/bFvn-_VvOwI\">Assista \u00e0 \u00edntegra do discurso do general Paulo S\u00e9rgio<\/a>.<\/p>\n<p>&nbsp;<\/p>\n<p><em>Bras\u00edlia, 21h40min<\/em><\/p>\n","protected":false},"excerpt":{"rendered":"<p>O comandante do Ex\u00e9rcito, general Paulo S\u00e9rgio, pediu, em pronunciamento divulgado nesta sexta-feira (17\/09) nas redes sociais da For\u00e7a, que os soldados n\u00e3o se deixem contaminar por fake news. Segundo ele, &#8220;\u00e9 preciso buscar a verdade dos fatos&#8221;. Na d\u00favida, que consultem seus superiores. &nbsp; &#8220;Vivemos em um ambiente informacional din\u00e2mico e vol\u00e1til. Nesse espa\u00e7o, [&hellip;]<\/p>\n","protected":false},"author":22,"featured_media":18012,"comment_status":"open","ping_status":"closed","sticky":false,"template":"","format":"standard","meta":{"wpb_read_more":[],"footnotes":""},"categories":[600],"tags":[926,5787,2526,2787],"class_list":["post-21181","post","type-post","status-publish","format-standard","has-post-thumbnail","hentry","category-economia","tag-brasilia","tag-comandante-do-exercito-pede-a-soldados-que-nao-se-deixem-contaminar-por-fake-news","tag-poder","tag-politica"],"_links":{"self":[{"href":"https:\/\/blogs2.correiobraziliense.com.br\/vicente\/wp-json\/wp\/v2\/posts\/21181","targetHints":{"allow":["GET"]}}],"collection":[{"href":"https:\/\/blogs2.correiobraziliense.com.br\/vicente\/wp-json\/wp\/v2\/posts"}],"about":[{"href":"https:\/\/blogs2.correiobraziliense.com.br\/vicente\/wp-json\/wp\/v2\/types\/post"}],"author":[{"embeddable":true,"href":"https:\/\/blogs2.correiobraziliense.com.br\/vicente\/wp-json\/wp\/v2\/users\/22"}],"replies":[{"embeddable":true,"href":"https:\/\/blogs2.correiobraziliense.com.br\/vicente\/wp-json\/wp\/v2\/comments?post=21181"}],"version-history":[{"count":1,"href":"https:\/\/blogs2.correiobraziliense.com.br\/vicente\/wp-json\/wp\/v2\/posts\/21181\/revisions"}],"predecessor-version":[{"id":21182,"href":"https:\/\/blogs2.correiobraziliense.com.br\/vicente\/wp-json\/wp\/v2\/posts\/21181\/revisions\/21182"}],"wp:featuredmedia":[{"embeddable":true,"href":"https:\/\/blogs2.correiobraziliense.com.br\/vicente\/wp-json\/wp\/v2\/media\/18012"}],"wp:attachment":[{"href":"https:\/\/blogs2.correiobraziliense.com.br\/vicente\/wp-json\/wp\/v2\/media?parent=21181"}],"wp:term":[{"taxonomy":"category","embeddable":true,"href":"https:\/\/blogs2.correiobraziliense.com.br\/vicente\/wp-json\/wp\/v2\/categories?post=21181"},{"taxonomy":"post_tag","embeddable":true,"href":"https:\/\/blogs2.correiobraziliense.com.br\/vicente\/wp-json\/wp\/v2\/tags?post=21181"}],"curies":[{"name":"wp","href":"https:\/\/api.w.org\/{rel}","templated":true}]}}