{"id":21185,"date":"2021-09-21T11:11:57","date_gmt":"2021-09-21T14:11:57","guid":{"rendered":"https:\/\/blogs2.correiobraziliense.com.br\/vicente\/?p=21185"},"modified":"2021-09-21T14:33:27","modified_gmt":"2021-09-21T17:33:27","slug":"as-mentiras-os-delirios-e-a-intolerancia-de-bolsonaro-perante-o-mundo","status":"publish","type":"post","link":"https:\/\/blogs2.correiobraziliense.com.br\/vicente\/as-mentiras-os-delirios-e-a-intolerancia-de-bolsonaro-perante-o-mundo\/","title":{"rendered":"As mentiras, os del\u00edrios e a intoler\u00e2ncia de Bolsonaro perante o mundo"},"content":{"rendered":"<h2>O presidente Jair Bolsonaro n\u00e3o economizou nas mentiras, nos del\u00edrios e na intoler\u00e2ncia em seu discurso na abertura do da Assembleia-Geral da Organiza\u00e7\u00e3o das Na\u00e7\u00f5es Unidade (ONU) deste ano. No curto discurso, defendeu o tratamento precoce contra a covid-19. Criticou o passaporte para imunizados. Disse que o desmatamento na Amaz\u00f4nia caiu. Afirmou que, no seu governo, o Brasil recuperou a credibilidade internacional. Ressaltou que o pa\u00eds protege a popula\u00e7\u00e3o ind\u00edgena. Jogou a culpa pela desacelera\u00e7\u00e3o da economia e pelo desemprego para governadores e prefeitos.<\/h2>\n<p>&nbsp;<\/p>\n<p>Foi, no m\u00ednimo, constrangedor ver Bolsonaro se mostrar, sem m\u00e1scaras, perante o mundo. Se ainda havia d\u00favidas de que o presidente brasileiro \u00e9 um extremista de direita, que vive num mundo paralelo e s\u00f3 fala para grupos radicais, todas elas ca\u00edram nesta ter\u00e7a-feira (21\/09). Bolsonaro j\u00e1 come\u00e7ou o discurso dizendo que o seu governo afastou o Brasil do socialismo, que s\u00f3 as fam\u00edlias tradicionais merecem respeito e que, desde a sua posse, n\u00e3o houve mais corrup\u00e7\u00e3o no Brasil.<\/p>\n<p>&nbsp;<\/p>\n<p>Em rela\u00e7\u00e3o \u00e0 corrup\u00e7\u00e3o, basta ver o que est\u00e1 sendo revelado pela CPI da Covid: um esquema foi montado no Minist\u00e9rio da Sa\u00fade para a compra de vacinas indianas Covaxin por meio do pagamento de propina, tudo sob investiga\u00e7\u00e3o da Pol\u00edcia Federal. Al\u00e9m disso, h\u00e1 um processo contra o ex-ministro do Meio Ambiente Ricardo Salles, que teria favorecido empres\u00e1rios no esquema de com\u00e9rcio ilegal de madeira extra\u00edda da Amaz\u00f4nia. Mais: os quatro filhos de Bolsonaro est\u00e3o na mira da Justi\u00e7a, o mais novo deles, Renan, o 04, por tirar proveito de sua posi\u00e7\u00e3o para criar facilidades a empres\u00e1rios.<\/p>\n<p>&nbsp;<\/p>\n<p><strong>ONU higieniza p\u00falpito<\/strong><\/p>\n<p>&nbsp;<\/p>\n<p>Bolsonaro disse que, em agosto deste ano, o desmatamento na Amaz\u00f4nia caiu 32% em rela\u00e7\u00e3o ao mesmo m\u00eas do ano passado. O Instituto Amazon, contudo, afirma que a \u00e1rea desmatada da Amaz\u00f4nia correspondeu, em agosto, a mais de cinco vezes o tamanho da cidade de Belo Horizonte, em Minas Gerais. Foi o quinto m\u00eas seguido de recorde de desmatamento. Nesse quest\u00e3o ambiental, o presidente disse que 600 mil ind\u00edgenas est\u00e3o sob prote\u00e7\u00e3o em \u00e1reas demarcadas, mas, na verdade, nunca houve tanta invas\u00e3o em terras protegidas por lei.<\/p>\n<p>&nbsp;<\/p>\n<p>A intoler\u00e2ncia de Bolsonaro chegou ao ponto de, ao se referir ao Afeganist\u00e3o, dizer que o Brasil s\u00f3 dar\u00e1 asilo a cidad\u00e3os crist\u00e3os daquele pa\u00eds. Foi um aceno claro aos grupos evang\u00e9licos, com os quais o presidente conta para a reelei\u00e7\u00e3o em 2022. Esse Brasil radicalizado, por sinal, tem afastado o capital estrangeiro dos neg\u00f3cios no pa\u00eds. A Bolsa de Valores de S\u00e3o Paulo retornou aos n\u00edveis de novembro de 2020. O d\u00f3lar n\u00e3o para de subir. E os investimentos estrangeiros diretos est\u00e3o em queda livre, mostra o Banco Central.<\/p>\n<p>&nbsp;<\/p>\n<p>Enfim, Bolsonaro ficou ainda menor, se isso \u00e9 poss\u00edvel. Desde que chegou a Nova York, explicitou-se o quanto ele \u00e9 desprezado pelos seus gestos e por suas ideias sem prop\u00f3sitos. Entrou pela porta dos fundos do hotel no qual est\u00e1 hospedado, foi obrigado a comer pizza na rua porque n\u00e3o podia entrar em nenhum restaurante por n\u00e3o estar vacinado contra a covid-19 e, para encerrar, assim que acabou o discurso na ONU, o p\u00falpito do qual falou passou por um grande processo de higieniza\u00e7\u00e3o. Ningu\u00e9m queria contato com o que Bolsonaro deixou por ali.<\/p>\n<p>&nbsp;<\/p>\n<p><em>Bras\u00edlia, 11h11min<\/em><\/p>\n","protected":false},"excerpt":{"rendered":"<p>O presidente Jair Bolsonaro n\u00e3o economizou nas mentiras, nos del\u00edrios e na intoler\u00e2ncia em seu discurso na abertura do da Assembleia-Geral da Organiza\u00e7\u00e3o das Na\u00e7\u00f5es Unidade (ONU) deste ano. No curto discurso, defendeu o tratamento precoce contra a covid-19. Criticou o passaporte para imunizados. Disse que o desmatamento na Amaz\u00f4nia caiu. Afirmou que, no seu [&hellip;]<\/p>\n","protected":false},"author":22,"featured_media":21186,"comment_status":"open","ping_status":"closed","sticky":false,"template":"","format":"standard","meta":{"wpb_read_more":[],"footnotes":""},"categories":[600],"tags":[5788,926,4954,5789,2526],"class_list":["post-21185","post","type-post","status-publish","format-standard","has-post-thumbnail","hentry","category-economia","tag-as-mentiras","tag-brasilia","tag-internacional","tag-os-delirios-e-a-intolerancia-de-bolsonaro-perante-o-mundo","tag-poder"],"_links":{"self":[{"href":"https:\/\/blogs2.correiobraziliense.com.br\/vicente\/wp-json\/wp\/v2\/posts\/21185","targetHints":{"allow":["GET"]}}],"collection":[{"href":"https:\/\/blogs2.correiobraziliense.com.br\/vicente\/wp-json\/wp\/v2\/posts"}],"about":[{"href":"https:\/\/blogs2.correiobraziliense.com.br\/vicente\/wp-json\/wp\/v2\/types\/post"}],"author":[{"embeddable":true,"href":"https:\/\/blogs2.correiobraziliense.com.br\/vicente\/wp-json\/wp\/v2\/users\/22"}],"replies":[{"embeddable":true,"href":"https:\/\/blogs2.correiobraziliense.com.br\/vicente\/wp-json\/wp\/v2\/comments?post=21185"}],"version-history":[{"count":2,"href":"https:\/\/blogs2.correiobraziliense.com.br\/vicente\/wp-json\/wp\/v2\/posts\/21185\/revisions"}],"predecessor-version":[{"id":21189,"href":"https:\/\/blogs2.correiobraziliense.com.br\/vicente\/wp-json\/wp\/v2\/posts\/21185\/revisions\/21189"}],"wp:featuredmedia":[{"embeddable":true,"href":"https:\/\/blogs2.correiobraziliense.com.br\/vicente\/wp-json\/wp\/v2\/media\/21186"}],"wp:attachment":[{"href":"https:\/\/blogs2.correiobraziliense.com.br\/vicente\/wp-json\/wp\/v2\/media?parent=21185"}],"wp:term":[{"taxonomy":"category","embeddable":true,"href":"https:\/\/blogs2.correiobraziliense.com.br\/vicente\/wp-json\/wp\/v2\/categories?post=21185"},{"taxonomy":"post_tag","embeddable":true,"href":"https:\/\/blogs2.correiobraziliense.com.br\/vicente\/wp-json\/wp\/v2\/tags?post=21185"}],"curies":[{"name":"wp","href":"https:\/\/api.w.org\/{rel}","templated":true}]}}