{"id":21195,"date":"2021-09-22T18:01:59","date_gmt":"2021-09-22T21:01:59","guid":{"rendered":"https:\/\/blogs2.correiobraziliense.com.br\/vicente\/?p=21195"},"modified":"2021-09-22T19:31:41","modified_gmt":"2021-09-22T22:31:41","slug":"alegria-durou-pouco-postos-aumentam-de-novo-preco-da-gasolina","status":"publish","type":"post","link":"https:\/\/blogs2.correiobraziliense.com.br\/vicente\/alegria-durou-pouco-postos-aumentam-de-novo-preco-da-gasolina\/","title":{"rendered":"Alegria durou pouco: postos aumentam de novo pre\u00e7o da gasolina"},"content":{"rendered":"<h2>Depois de dar um al\u00edvio no bolso dos consumidores nos \u00faltimos dias, os postos de combust\u00edveis voltaram a aumentar os pre\u00e7os da gasolina nas bombas. Os reajustes variam entre R$ 0,10 e R$ 0,38 por litro, dependendo da regi\u00e3o do Distrito Federal.<\/h2>\n<p>&nbsp;<\/p>\n<p>No Setor de Ind\u00fastrias e Abastecimento (SIA), onde havia sido registrada a maior baixa no pre\u00e7o da gasolina, foi justamente onde o combust\u00edvel ficou mais caro. O valor na bomba saltou de R$ 6,149 para R$ 6,529. No Guar\u00e1, no posto que fica ao lado do Shopping Fl\u00f3rida Mall, o litro da gasolina passou de R$ 6,359 para R$ 6,459.<\/p>\n<p>&nbsp;<\/p>\n<p>J\u00e1 no Setor de Ind\u00fastrias Gr\u00e1ficas (SIG), a gasolina subiu de R$ 6,399 para R$ 6,499. Esse mesmo valor \u00e9 praticado nos tr\u00eas postos que ficam em \u00c1guas Claras, \u00e0s margens da EPTG. N\u00e3o se sabe, por\u00e9m, se tais pre\u00e7os ser\u00e3o mantidos at\u00e9 o fim de semana.<\/p>\n<p>&nbsp;<\/p>\n<p>Como diz o presidente do Banco Central, Roberto Campos Neto, os valores dos combust\u00edveis no Brasil sobem em uma velocidade muito r\u00e1pida. N\u00e3o se sabe de nenhum outro pa\u00eds do mundo em que os pre\u00e7os nas bombas mudam desse jeito.<\/p>\n<p>&nbsp;<\/p>\n<p>Para o motorista de aplicativo Jo\u00e3o Castanho, 37 anos, a gasolina est\u00e1 cara demais, inviabilizando o trabalho de quem vive por rodar nas vias do Distrito Federal. &#8220;Est\u00e1 muito complicado tirar o sustento do transporte por aplicativo. J\u00e1 pensei em desistir muitas vezes, mas n\u00e3o tenho como ficar sem nenhuma fonte de receita&#8221;, diz.<\/p>\n<p>&nbsp;<\/p>\n<p><em>Bras\u00edlia, 18h01min<\/em><\/p>\n","protected":false},"excerpt":{"rendered":"<p>Depois de dar um al\u00edvio no bolso dos consumidores nos \u00faltimos dias, os postos de combust\u00edveis voltaram a aumentar os pre\u00e7os da gasolina nas bombas. Os reajustes variam entre R$ 0,10 e R$ 0,38 por litro, dependendo da regi\u00e3o do Distrito Federal. &nbsp; No Setor de Ind\u00fastrias e Abastecimento (SIA), onde havia sido registrada a [&hellip;]<\/p>\n","protected":false},"author":22,"featured_media":9748,"comment_status":"open","ping_status":"closed","sticky":false,"template":"","format":"standard","meta":{"wpb_read_more":[],"footnotes":""},"categories":[600],"tags":[5793,589,4943,4547],"class_list":["post-21195","post","type-post","status-publish","format-standard","has-post-thumbnail","hentry","category-economia","tag-alegria-durou-pouco-postos-aumentam-de-novo-preco-da-gasolina","tag-economia","tag-financas","tag-negocios"],"_links":{"self":[{"href":"https:\/\/blogs2.correiobraziliense.com.br\/vicente\/wp-json\/wp\/v2\/posts\/21195","targetHints":{"allow":["GET"]}}],"collection":[{"href":"https:\/\/blogs2.correiobraziliense.com.br\/vicente\/wp-json\/wp\/v2\/posts"}],"about":[{"href":"https:\/\/blogs2.correiobraziliense.com.br\/vicente\/wp-json\/wp\/v2\/types\/post"}],"author":[{"embeddable":true,"href":"https:\/\/blogs2.correiobraziliense.com.br\/vicente\/wp-json\/wp\/v2\/users\/22"}],"replies":[{"embeddable":true,"href":"https:\/\/blogs2.correiobraziliense.com.br\/vicente\/wp-json\/wp\/v2\/comments?post=21195"}],"version-history":[{"count":1,"href":"https:\/\/blogs2.correiobraziliense.com.br\/vicente\/wp-json\/wp\/v2\/posts\/21195\/revisions"}],"predecessor-version":[{"id":21196,"href":"https:\/\/blogs2.correiobraziliense.com.br\/vicente\/wp-json\/wp\/v2\/posts\/21195\/revisions\/21196"}],"wp:featuredmedia":[{"embeddable":true,"href":"https:\/\/blogs2.correiobraziliense.com.br\/vicente\/wp-json\/wp\/v2\/media\/9748"}],"wp:attachment":[{"href":"https:\/\/blogs2.correiobraziliense.com.br\/vicente\/wp-json\/wp\/v2\/media?parent=21195"}],"wp:term":[{"taxonomy":"category","embeddable":true,"href":"https:\/\/blogs2.correiobraziliense.com.br\/vicente\/wp-json\/wp\/v2\/categories?post=21195"},{"taxonomy":"post_tag","embeddable":true,"href":"https:\/\/blogs2.correiobraziliense.com.br\/vicente\/wp-json\/wp\/v2\/tags?post=21195"}],"curies":[{"name":"wp","href":"https:\/\/api.w.org\/{rel}","templated":true}]}}