{"id":21206,"date":"2021-09-29T17:01:52","date_gmt":"2021-09-29T20:01:52","guid":{"rendered":"https:\/\/blogs2.correiobraziliense.com.br\/vicente\/?p=21206"},"modified":"2021-09-30T18:15:26","modified_gmt":"2021-09-30T21:15:26","slug":"lula-se-consolida-na-lideranca-e-vence-em-todos-os-cenarios-mostra-pesquisa","status":"publish","type":"post","link":"https:\/\/blogs2.correiobraziliense.com.br\/vicente\/lula-se-consolida-na-lideranca-e-vence-em-todos-os-cenarios-mostra-pesquisa\/","title":{"rendered":"Lula se consolida na lideran\u00e7a e vence em todos os cen\u00e1rios, mostra pesquisa"},"content":{"rendered":"<h2>A mais <a href=\"https:\/\/www.i-maxpr.com\/s\/0929\/e5.pdf\">nova pesquisa de inten\u00e7\u00e3o de votos para a Presid\u00eancia da Rep\u00fablica<\/a> realizada pela Modalmais e a Futura Intelig\u00eancia mostra a consolida\u00e7\u00e3o do ex-presidente Lula na lideran\u00e7a, seguido pelo presidente Jair Bolsonaro. O petista vence em todos os sete cen\u00e1rios estimulados previstos no levantamento.<\/h2>\n<p>&nbsp;<\/p>\n<p>No primeiro deles, Lula aparece com 36,9% da prefer\u00eancia dos entrevistados. Bolsonaro tem 28,4%, seguido por Ciro Gomes (6,7%), S\u00e9rgio Moro (6,0%), Datena (3,3%), Jo\u00e3o D\u00f3ria (2,6%), Luiz Henrique Mandetta (1,8%), Romeu Zema (1,6%), Rodrigo Pacheco (0,9%), Alexandre Kalil (0,9%), Alessandro Vieira (0,5%). Brancos e nulos somam 6,7% e os indecisos e n\u00e3o sabem, 3,6%.<\/p>\n<p>&nbsp;<\/p>\n<p>Tamb\u00e9m na pesquisa espont\u00e2nea, Lula lidera, com 31,9% da prefer\u00eancia dos consultados, seguido por Bolsonaro, com 28,6% e Ciro Gomes, com 3,5%.<\/p>\n<p>&nbsp;<\/p>\n<p>Na avalia\u00e7\u00e3o dos pesquisadores, com a clara polariza\u00e7\u00e3o entre Lula e Bolsonaro, a percep\u00e7\u00e3o \u00e9 de que se criou uma barreira quase intranspon\u00edvel para uma eventual terceira via. &#8220;Todos os candidatos testados ficam em uma zona de desconhecimento e com poucas chances de receber votos dos eleitores. O candidato mais conhecido e mais bem posicionado depois dos dois, Ciro Gomes, oscila em torno de 10% do eleitorado.&#8221;<\/p>\n<p>&nbsp;<\/p>\n<p>Enquanto Lula \u00e9 mais forte no Nordeste, entre os mais pobres, os menos escolarizados e as mulheres, Bolsonaro domina na regi\u00e3o Sul, entre os mais ricos, com escolaridade m\u00e9dia e entre os homens.<\/p>\n<p>&nbsp;<\/p>\n<p><em>Bras\u00edlia, 17h01min<\/em><\/p>\n","protected":false},"excerpt":{"rendered":"<p>A mais nova pesquisa de inten\u00e7\u00e3o de votos para a Presid\u00eancia da Rep\u00fablica realizada pela Modalmais e a Futura Intelig\u00eancia mostra a consolida\u00e7\u00e3o do ex-presidente Lula na lideran\u00e7a, seguido pelo presidente Jair Bolsonaro. O petista vence em todos os sete cen\u00e1rios estimulados previstos no levantamento. &nbsp; No primeiro deles, Lula aparece com 36,9% da prefer\u00eancia [&hellip;]<\/p>\n","protected":false},"author":22,"featured_media":0,"comment_status":"open","ping_status":"closed","sticky":false,"template":"","format":"standard","meta":{"wpb_read_more":[],"footnotes":""},"categories":[600],"tags":[926,665,5796,5343,2526],"class_list":["post-21206","post","type-post","status-publish","format-standard","hentry","category-economia","tag-brasilia","tag-eleicoes","tag-lula-se-consolida-na-lideranca-e-vence-em-todos-os-cenarios","tag-mostra-pesquisa","tag-poder"],"_links":{"self":[{"href":"https:\/\/blogs2.correiobraziliense.com.br\/vicente\/wp-json\/wp\/v2\/posts\/21206","targetHints":{"allow":["GET"]}}],"collection":[{"href":"https:\/\/blogs2.correiobraziliense.com.br\/vicente\/wp-json\/wp\/v2\/posts"}],"about":[{"href":"https:\/\/blogs2.correiobraziliense.com.br\/vicente\/wp-json\/wp\/v2\/types\/post"}],"author":[{"embeddable":true,"href":"https:\/\/blogs2.correiobraziliense.com.br\/vicente\/wp-json\/wp\/v2\/users\/22"}],"replies":[{"embeddable":true,"href":"https:\/\/blogs2.correiobraziliense.com.br\/vicente\/wp-json\/wp\/v2\/comments?post=21206"}],"version-history":[{"count":3,"href":"https:\/\/blogs2.correiobraziliense.com.br\/vicente\/wp-json\/wp\/v2\/posts\/21206\/revisions"}],"predecessor-version":[{"id":21217,"href":"https:\/\/blogs2.correiobraziliense.com.br\/vicente\/wp-json\/wp\/v2\/posts\/21206\/revisions\/21217"}],"wp:attachment":[{"href":"https:\/\/blogs2.correiobraziliense.com.br\/vicente\/wp-json\/wp\/v2\/media?parent=21206"}],"wp:term":[{"taxonomy":"category","embeddable":true,"href":"https:\/\/blogs2.correiobraziliense.com.br\/vicente\/wp-json\/wp\/v2\/categories?post=21206"},{"taxonomy":"post_tag","embeddable":true,"href":"https:\/\/blogs2.correiobraziliense.com.br\/vicente\/wp-json\/wp\/v2\/tags?post=21206"}],"curies":[{"name":"wp","href":"https:\/\/api.w.org\/{rel}","templated":true}]}}