{"id":21227,"date":"2021-10-05T14:58:45","date_gmt":"2021-10-05T17:58:45","guid":{"rendered":"https:\/\/blogs2.correiobraziliense.com.br\/vicente\/?p=21227"},"modified":"2021-10-05T16:16:37","modified_gmt":"2021-10-05T19:16:37","slug":"paulo-guedes-se-tornou-o-estorvo-util-para-bolsonaro","status":"publish","type":"post","link":"https:\/\/blogs2.correiobraziliense.com.br\/vicente\/paulo-guedes-se-tornou-o-estorvo-util-para-bolsonaro\/","title":{"rendered":"Paulo Guedes se tornou o &#8220;estorvo \u00fatil&#8221; para Bolsonaro"},"content":{"rendered":"<h2>Apesar do barulho em torno da divulga\u00e7\u00e3o de que o ministro da Economia, Paulo Guedes, e o presidente do Banco Central, Roberto Campos Neto, t\u00eam contas em para\u00edsos fiscais (offshores), o presidente Jair Bolsonaro nada far\u00e1 em rela\u00e7\u00e3o ao tema. N\u00e3o quer dar muni\u00e7\u00e3o \u00e0 oposi\u00e7\u00e3o. E tem certeza de que os subordinados nada fizeram de errado.<\/h2>\n<p>&nbsp;<\/p>\n<p>Especificamente em rela\u00e7\u00e3o a Paulo Guedes, dizem aliados de Bolsonaro, o ministro se tornou um &#8220;estorvo \u00fatil&#8221; para o presidente da Rep\u00fablica. Quando come\u00e7ar de verdade a campanha \u00e0 reelei\u00e7\u00e3o em 2022, Bolsonaro poder\u00e1 jogar a culpa em Guedes se a economia n\u00e3o se recuperar.<\/p>\n<p>&nbsp;<\/p>\n<p>Afinal, ressaltam os aliados do presidente, ele sempre deixou claro que n\u00e3o entendia nada de economia, e que confiava no Posto Ipiranga dele. Ningu\u00e9m descarta a possibilidade de Bolsonaro dizer aos eleitores que acreditou demais no ministro e est\u00e1 pagando o pre\u00e7o por isto.<\/p>\n<p>&nbsp;<\/p>\n<p>Outro ponto levantado pelos aliados de Bolsonaro: n\u00e3o h\u00e1 nenhum nome forte no mercado ou na academia disposto a substituir Paulo Guedes no Minist\u00e9rio da Economia. Todos os grandes economistas consideram o governo atual como um caso perdido.<\/p>\n<p>&nbsp;<\/p>\n<p>Quanto a Campos Neto, Bolsonaro n\u00e3o quer briga com o projeto que o governo dele defendeu no Congresso, o da independ\u00eancia do Banco Central. A ordem, portanto, no governo, \u00e9 deixar a poeira baixar at\u00e9 a pr\u00f3xima crise chegar. Por enquanto, os cr\u00edticos ficar\u00e3o falando sozinhos.<\/p>\n<p>&nbsp;<\/p>\n<p><em>Bras\u00edlia, 14h58min<\/em><\/p>\n","protected":false},"excerpt":{"rendered":"<p>Apesar do barulho em torno da divulga\u00e7\u00e3o de que o ministro da Economia, Paulo Guedes, e o presidente do Banco Central, Roberto Campos Neto, t\u00eam contas em para\u00edsos fiscais (offshores), o presidente Jair Bolsonaro nada far\u00e1 em rela\u00e7\u00e3o ao tema. N\u00e3o quer dar muni\u00e7\u00e3o \u00e0 oposi\u00e7\u00e3o. E tem certeza de que os subordinados nada fizeram [&hellip;]<\/p>\n","protected":false},"author":22,"featured_media":15234,"comment_status":"open","ping_status":"closed","sticky":false,"template":"","format":"standard","meta":{"wpb_read_more":[],"footnotes":""},"categories":[600],"tags":[589,5808,2526,2787],"class_list":["post-21227","post","type-post","status-publish","format-standard","has-post-thumbnail","hentry","category-economia","tag-economia","tag-paulo-guedes-se-tornou-o-estorvo-util-para-bolsonaro","tag-poder","tag-politica"],"_links":{"self":[{"href":"https:\/\/blogs2.correiobraziliense.com.br\/vicente\/wp-json\/wp\/v2\/posts\/21227","targetHints":{"allow":["GET"]}}],"collection":[{"href":"https:\/\/blogs2.correiobraziliense.com.br\/vicente\/wp-json\/wp\/v2\/posts"}],"about":[{"href":"https:\/\/blogs2.correiobraziliense.com.br\/vicente\/wp-json\/wp\/v2\/types\/post"}],"author":[{"embeddable":true,"href":"https:\/\/blogs2.correiobraziliense.com.br\/vicente\/wp-json\/wp\/v2\/users\/22"}],"replies":[{"embeddable":true,"href":"https:\/\/blogs2.correiobraziliense.com.br\/vicente\/wp-json\/wp\/v2\/comments?post=21227"}],"version-history":[{"count":1,"href":"https:\/\/blogs2.correiobraziliense.com.br\/vicente\/wp-json\/wp\/v2\/posts\/21227\/revisions"}],"predecessor-version":[{"id":21228,"href":"https:\/\/blogs2.correiobraziliense.com.br\/vicente\/wp-json\/wp\/v2\/posts\/21227\/revisions\/21228"}],"wp:featuredmedia":[{"embeddable":true,"href":"https:\/\/blogs2.correiobraziliense.com.br\/vicente\/wp-json\/wp\/v2\/media\/15234"}],"wp:attachment":[{"href":"https:\/\/blogs2.correiobraziliense.com.br\/vicente\/wp-json\/wp\/v2\/media?parent=21227"}],"wp:term":[{"taxonomy":"category","embeddable":true,"href":"https:\/\/blogs2.correiobraziliense.com.br\/vicente\/wp-json\/wp\/v2\/categories?post=21227"},{"taxonomy":"post_tag","embeddable":true,"href":"https:\/\/blogs2.correiobraziliense.com.br\/vicente\/wp-json\/wp\/v2\/tags?post=21227"}],"curies":[{"name":"wp","href":"https:\/\/api.w.org\/{rel}","templated":true}]}}