{"id":21229,"date":"2021-10-05T18:01:11","date_gmt":"2021-10-05T21:01:11","guid":{"rendered":"https:\/\/blogs2.correiobraziliense.com.br\/vicente\/?p=21229"},"modified":"2021-10-05T21:58:10","modified_gmt":"2021-10-06T00:58:10","slug":"economia-e-a-maior-inimiga-a-reeleicao-de-bolsonaro-mostra-pesquisa-da-genial-quaest","status":"publish","type":"post","link":"https:\/\/blogs2.correiobraziliense.com.br\/vicente\/economia-e-a-maior-inimiga-a-reeleicao-de-bolsonaro-mostra-pesquisa-da-genial-quaest\/","title":{"rendered":"Economia \u00e9 a maior inimiga \u00e0 reelei\u00e7\u00e3o de Bolsonaro, mostra pesquisa da Genial\/Quaest"},"content":{"rendered":"<h2>A grave crise econ\u00f4mica vivida pelo pa\u00eds, com a disparada da infla\u00e7\u00e3o e o agravamento da pobreza, \u00e9 a maior inimiga do presidente Jair Bolsonaro, que tentar\u00e1 a reelei\u00e7\u00e3o em 2022, mostra pesquisa realizada pela Genial Investimentos em parceria com a Consultoria Quaest.<\/h2>\n<p>&nbsp;<\/p>\n<p><a href=\"https:\/\/blogs2.correiobraziliense.com.br\/vicente\/economia-e-a-maior-inimiga-a-reeleicao-de-bolsonaro-mostra-pesquisa-da-genial-quaest\/\">Para 69% dos entrevistados, a situa\u00e7\u00e3o econ\u00f4mica do pa\u00eds piorou<\/a>. Em setembro, esse \u00edndice era de 68%. Os que acham que a situa\u00e7\u00e3o da economia do pa\u00eds melhorou s\u00e3o 14% (eram 13% no m\u00eas anterior).<\/p>\n<p>&nbsp;<\/p>\n<p>Quando se olha para os pr\u00f3ximos 12 meses, os que acham que a economia vai piorar passaram de 32%, em setembro, para 34%. Os que apostam em melhora na economia ca\u00edram de 44% para 39%. J\u00e1 os que acreditam que a economia ficar\u00e1 do mesmo jeito passaram de 20% para 21%.<\/p>\n<p>&nbsp;<\/p>\n<p>Entre os ouvidos pela pesquisa, 29% dizem que Bolsonaro \u00e9 totalmente respons\u00e1vel pelos graves problemas econ\u00f4micos vividos pelo pa\u00eds.<\/p>\n<p>&nbsp;<\/p>\n<p>Outros 25% dizem que o presidente \u00e9 muito respons\u00e1vel pelos problemas econ\u00f4micos, 25% dizem que ele tem pouca responsabilidade e 17% acreditam que n\u00e3o tem culpa nenhuma.<\/p>\n<p>&nbsp;<\/p>\n<p><em>Bras\u00edlia, 18h01min<\/em><\/p>\n","protected":false},"excerpt":{"rendered":"<p>A grave crise econ\u00f4mica vivida pelo pa\u00eds, com a disparada da infla\u00e7\u00e3o e o agravamento da pobreza, \u00e9 a maior inimiga do presidente Jair Bolsonaro, que tentar\u00e1 a reelei\u00e7\u00e3o em 2022, mostra pesquisa realizada pela Genial Investimentos em parceria com a Consultoria Quaest. &nbsp; Para 69% dos entrevistados, a situa\u00e7\u00e3o econ\u00f4mica do pa\u00eds piorou. Em [&hellip;]<\/p>\n","protected":false},"author":22,"featured_media":15307,"comment_status":"open","ping_status":"closed","sticky":false,"template":"","format":"standard","meta":{"wpb_read_more":[],"footnotes":""},"categories":[600],"tags":[589,5809,5810,2526,2787],"class_list":["post-21229","post","type-post","status-publish","format-standard","has-post-thumbnail","hentry","category-economia","tag-economia","tag-economia-e-a-maior-inimiga-a-reeleicao-de-bolsonaro","tag-mostra-pesquisa-da-genial-quaest","tag-poder","tag-politica"],"_links":{"self":[{"href":"https:\/\/blogs2.correiobraziliense.com.br\/vicente\/wp-json\/wp\/v2\/posts\/21229","targetHints":{"allow":["GET"]}}],"collection":[{"href":"https:\/\/blogs2.correiobraziliense.com.br\/vicente\/wp-json\/wp\/v2\/posts"}],"about":[{"href":"https:\/\/blogs2.correiobraziliense.com.br\/vicente\/wp-json\/wp\/v2\/types\/post"}],"author":[{"embeddable":true,"href":"https:\/\/blogs2.correiobraziliense.com.br\/vicente\/wp-json\/wp\/v2\/users\/22"}],"replies":[{"embeddable":true,"href":"https:\/\/blogs2.correiobraziliense.com.br\/vicente\/wp-json\/wp\/v2\/comments?post=21229"}],"version-history":[{"count":2,"href":"https:\/\/blogs2.correiobraziliense.com.br\/vicente\/wp-json\/wp\/v2\/posts\/21229\/revisions"}],"predecessor-version":[{"id":21245,"href":"https:\/\/blogs2.correiobraziliense.com.br\/vicente\/wp-json\/wp\/v2\/posts\/21229\/revisions\/21245"}],"wp:featuredmedia":[{"embeddable":true,"href":"https:\/\/blogs2.correiobraziliense.com.br\/vicente\/wp-json\/wp\/v2\/media\/15307"}],"wp:attachment":[{"href":"https:\/\/blogs2.correiobraziliense.com.br\/vicente\/wp-json\/wp\/v2\/media?parent=21229"}],"wp:term":[{"taxonomy":"category","embeddable":true,"href":"https:\/\/blogs2.correiobraziliense.com.br\/vicente\/wp-json\/wp\/v2\/categories?post=21229"},{"taxonomy":"post_tag","embeddable":true,"href":"https:\/\/blogs2.correiobraziliense.com.br\/vicente\/wp-json\/wp\/v2\/tags?post=21229"}],"curies":[{"name":"wp","href":"https:\/\/api.w.org\/{rel}","templated":true}]}}