{"id":21231,"date":"2021-10-05T18:17:19","date_gmt":"2021-10-05T21:17:19","guid":{"rendered":"https:\/\/blogs2.correiobraziliense.com.br\/vicente\/?p=21231"},"modified":"2021-10-05T19:36:32","modified_gmt":"2021-10-05T22:36:32","slug":"lula-tem-mais-competencia-para-resolver-problemas-da-economia-do-que-bolsonaro-mostra-pesquisa","status":"publish","type":"post","link":"https:\/\/blogs2.correiobraziliense.com.br\/vicente\/lula-tem-mais-competencia-para-resolver-problemas-da-economia-do-que-bolsonaro-mostra-pesquisa\/","title":{"rendered":"Lula tem mais compet\u00eancia para resolver problemas da economia do que Bolsonaro, mostra pesquisa"},"content":{"rendered":"<h2>Com o pa\u00eds atolado na infla\u00e7\u00e3o e o crescimento do Produto Interno Bruto (PIB) indo ladeira abaixo, os eleitores dizem que o ex-presidente Lula tem mais compet\u00eancia para resolver os problemas econ\u00f4micos do que o presidente Jair Bolsonaro, mostra pesquisa da Genial Investimentos com a Quaest Consultoria.<\/h2>\n<p>&nbsp;<\/p>\n<p>Segundo o levantamento, 44% dizem que confiam mais em Lula para tirar o Brasil da crise \u2014 um reflexo das pol\u00edticas adotadas pelo petista, quando mais de 50 milh\u00f5es de pessoas foram incorporadas ao mercado de consumo. Outros 18% ressaltam que Bolsonaro \u00e9 o mais indicado para solucionar os problemas econ\u00f4micos do pa\u00eds.<\/p>\n<p>&nbsp;<\/p>\n<p>A maior parte dos entrevistados pela Genial\/Quaest tamb\u00e9m aponta Lula como mais capaz para resolver os s\u00e9rios problemas enfrentados pelo Brasil na sa\u00fade: s\u00e3o 37%, quase o dobro dos que veem Bolsonaro com maior capacidade (19%) para tal feito.<\/p>\n<p>&nbsp;<\/p>\n<p>Em rela\u00e7\u00e3o \u00e0 pobreza, 35% afirmam que confiam mais em Lula para acabar com essa mazela, que atinge em cheio mais de 30% da popula\u00e7\u00e3o. Apenas 19% dizem que o atual presidente da Rep\u00fablica disp\u00f5e de maior conhecimento para enfrentar a pobreza no Brasil.<\/p>\n<p>&nbsp;<\/p>\n<p><em>Bras\u00edlia, 18h17min<\/em><\/p>\n","protected":false},"excerpt":{"rendered":"<p>Com o pa\u00eds atolado na infla\u00e7\u00e3o e o crescimento do Produto Interno Bruto (PIB) indo ladeira abaixo, os eleitores dizem que o ex-presidente Lula tem mais compet\u00eancia para resolver os problemas econ\u00f4micos do que o presidente Jair Bolsonaro, mostra pesquisa da Genial Investimentos com a Quaest Consultoria. &nbsp; Segundo o levantamento, 44% dizem que confiam [&hellip;]<\/p>\n","protected":false},"author":22,"featured_media":21232,"comment_status":"open","ping_status":"closed","sticky":false,"template":"","format":"standard","meta":{"wpb_read_more":[],"footnotes":""},"categories":[600],"tags":[589,5811,5343,2526,2787],"class_list":["post-21231","post","type-post","status-publish","format-standard","has-post-thumbnail","hentry","category-economia","tag-economia","tag-lula-tem-mais-competencia-para-resolver-problemas-da-economia-do-que-bolsonaro","tag-mostra-pesquisa","tag-poder","tag-politica"],"_links":{"self":[{"href":"https:\/\/blogs2.correiobraziliense.com.br\/vicente\/wp-json\/wp\/v2\/posts\/21231","targetHints":{"allow":["GET"]}}],"collection":[{"href":"https:\/\/blogs2.correiobraziliense.com.br\/vicente\/wp-json\/wp\/v2\/posts"}],"about":[{"href":"https:\/\/blogs2.correiobraziliense.com.br\/vicente\/wp-json\/wp\/v2\/types\/post"}],"author":[{"embeddable":true,"href":"https:\/\/blogs2.correiobraziliense.com.br\/vicente\/wp-json\/wp\/v2\/users\/22"}],"replies":[{"embeddable":true,"href":"https:\/\/blogs2.correiobraziliense.com.br\/vicente\/wp-json\/wp\/v2\/comments?post=21231"}],"version-history":[{"count":1,"href":"https:\/\/blogs2.correiobraziliense.com.br\/vicente\/wp-json\/wp\/v2\/posts\/21231\/revisions"}],"predecessor-version":[{"id":21233,"href":"https:\/\/blogs2.correiobraziliense.com.br\/vicente\/wp-json\/wp\/v2\/posts\/21231\/revisions\/21233"}],"wp:featuredmedia":[{"embeddable":true,"href":"https:\/\/blogs2.correiobraziliense.com.br\/vicente\/wp-json\/wp\/v2\/media\/21232"}],"wp:attachment":[{"href":"https:\/\/blogs2.correiobraziliense.com.br\/vicente\/wp-json\/wp\/v2\/media?parent=21231"}],"wp:term":[{"taxonomy":"category","embeddable":true,"href":"https:\/\/blogs2.correiobraziliense.com.br\/vicente\/wp-json\/wp\/v2\/categories?post=21231"},{"taxonomy":"post_tag","embeddable":true,"href":"https:\/\/blogs2.correiobraziliense.com.br\/vicente\/wp-json\/wp\/v2\/tags?post=21231"}],"curies":[{"name":"wp","href":"https:\/\/api.w.org\/{rel}","templated":true}]}}