{"id":21234,"date":"2021-10-05T18:37:39","date_gmt":"2021-10-05T21:37:39","guid":{"rendered":"https:\/\/blogs2.correiobraziliense.com.br\/vicente\/?p=21234"},"modified":"2021-10-05T19:58:05","modified_gmt":"2021-10-05T22:58:05","slug":"avaliacao-negativa-do-governo-bolsonaro-salta-de-48-para-53","status":"publish","type":"post","link":"https:\/\/blogs2.correiobraziliense.com.br\/vicente\/avaliacao-negativa-do-governo-bolsonaro-salta-de-48-para-53\/","title":{"rendered":"Avalia\u00e7\u00e3o negativa do governo Bolsonaro salta de 48% para 53%"},"content":{"rendered":"<h2>O descontamento da popula\u00e7\u00e3o com o governo de Jair Bolsonaro n\u00e3o para de crescer, indica pesquisa realizada pela Genial Investimento e a Quaest Consultoria. A rejei\u00e7\u00e3o saltou de 48% para 53% entre setembro e outubro.<\/h2>\n<p>&nbsp;<\/p>\n<p>O mesmo levantamento mostra que o total dos que consideram o governo regular recuou de 26% para 24%. E os que o apontam como positivo baixou de 23% para 20%.<\/p>\n<p>&nbsp;<\/p>\n<p>O principal problema para os entrevistados \u00e9 a economia (44% ante 41% de setembro), seguido pela sa\u00fade (24% frente os 28% do m\u00eas anterior) e corrup\u00e7\u00e3o (10% dos dois levantamentos)<\/p>\n<p>&nbsp;<\/p>\n<p>Para os ouvidos pela Genial\/Quaest, a economia como um todo (19%), o desemprego (15%) e a infla\u00e7\u00e3o (9%) s\u00e3o os temas que mais incomodam no Brasil neste momento.<\/p>\n<p>&nbsp;<\/p>\n<p>A rejei\u00e7\u00e3o a Bolsonaro aumentou em quase todas as regi\u00f5es. O maior salto foi registrado no Norte do pa\u00eds: de 37% para 55% entre setembro e outubro.<\/p>\n<p>&nbsp;<\/p>\n<p>No Centro-Oeste, a avalia\u00e7\u00e3o negativa foi de 36% para 49%, e, no Sul, de 37% para 47%. No Sudeste, saltou de 47% para 51%. J\u00e1 no Nordeste, ficou est\u00e1vel, em 61%.<\/p>\n<p>&nbsp;<\/p>\n<p>Entre os entrevistados do sexo feminino, a rejei\u00e7\u00e3o a Bolsonaro pulou de 52% para 56%. Entre os homens, avan\u00e7ou de 43% para 50%.<\/p>\n<p>&nbsp;<\/p>\n<p><em>Bras\u00edlia, 18h37min<\/em><\/p>\n","protected":false},"excerpt":{"rendered":"<p>O descontamento da popula\u00e7\u00e3o com o governo de Jair Bolsonaro n\u00e3o para de crescer, indica pesquisa realizada pela Genial Investimento e a Quaest Consultoria. A rejei\u00e7\u00e3o saltou de 48% para 53% entre setembro e outubro. &nbsp; O mesmo levantamento mostra que o total dos que consideram o governo regular recuou de 26% para 24%. E [&hellip;]<\/p>\n","protected":false},"author":22,"featured_media":13776,"comment_status":"open","ping_status":"closed","sticky":false,"template":"","format":"standard","meta":{"wpb_read_more":[],"footnotes":""},"categories":[600],"tags":[5812,589,2526,2787],"class_list":["post-21234","post","type-post","status-publish","format-standard","has-post-thumbnail","hentry","category-economia","tag-avaliacao-negativa-do-governo-bolsonaro-salta-de-48-para-53","tag-economia","tag-poder","tag-politica"],"_links":{"self":[{"href":"https:\/\/blogs2.correiobraziliense.com.br\/vicente\/wp-json\/wp\/v2\/posts\/21234","targetHints":{"allow":["GET"]}}],"collection":[{"href":"https:\/\/blogs2.correiobraziliense.com.br\/vicente\/wp-json\/wp\/v2\/posts"}],"about":[{"href":"https:\/\/blogs2.correiobraziliense.com.br\/vicente\/wp-json\/wp\/v2\/types\/post"}],"author":[{"embeddable":true,"href":"https:\/\/blogs2.correiobraziliense.com.br\/vicente\/wp-json\/wp\/v2\/users\/22"}],"replies":[{"embeddable":true,"href":"https:\/\/blogs2.correiobraziliense.com.br\/vicente\/wp-json\/wp\/v2\/comments?post=21234"}],"version-history":[{"count":1,"href":"https:\/\/blogs2.correiobraziliense.com.br\/vicente\/wp-json\/wp\/v2\/posts\/21234\/revisions"}],"predecessor-version":[{"id":21235,"href":"https:\/\/blogs2.correiobraziliense.com.br\/vicente\/wp-json\/wp\/v2\/posts\/21234\/revisions\/21235"}],"wp:featuredmedia":[{"embeddable":true,"href":"https:\/\/blogs2.correiobraziliense.com.br\/vicente\/wp-json\/wp\/v2\/media\/13776"}],"wp:attachment":[{"href":"https:\/\/blogs2.correiobraziliense.com.br\/vicente\/wp-json\/wp\/v2\/media?parent=21234"}],"wp:term":[{"taxonomy":"category","embeddable":true,"href":"https:\/\/blogs2.correiobraziliense.com.br\/vicente\/wp-json\/wp\/v2\/categories?post=21234"},{"taxonomy":"post_tag","embeddable":true,"href":"https:\/\/blogs2.correiobraziliense.com.br\/vicente\/wp-json\/wp\/v2\/tags?post=21234"}],"curies":[{"name":"wp","href":"https:\/\/api.w.org\/{rel}","templated":true}]}}