{"id":21260,"date":"2021-10-08T12:31:25","date_gmt":"2021-10-08T15:31:25","guid":{"rendered":"https:\/\/blogs2.correiobraziliense.com.br\/vicente\/?p=21260"},"modified":"2021-10-08T13:07:51","modified_gmt":"2021-10-08T16:07:51","slug":"prepare-o-bolso-petrobras-aumenta-gasolina-e-gas-de-cozinha-em-7","status":"publish","type":"post","link":"https:\/\/blogs2.correiobraziliense.com.br\/vicente\/prepare-o-bolso-petrobras-aumenta-gasolina-e-gas-de-cozinha-em-7\/","title":{"rendered":"Prepare o bolso: Petrobras aumenta gasolina e g\u00e1s de cozinha em 7%"},"content":{"rendered":"<h2>Apesar das queixas do presidente Jair Bolsonaro, a Petrobras informa que reajustar\u00e1 o pre\u00e7o do g\u00e1s de botij\u00e3o e da gasolina em 7% a partir deste s\u00e1bado (09\/10). Nos \u00faltimos 12 meses, a gasolina j\u00e1 acumula alta de quase 40% e o g\u00e1s de cozinha, de 35%. Haja dinheiro para bancar isso.<\/h2>\n<p>&nbsp;<\/p>\n<p>\u00c9 bom deixar claro que os reajustes anunciados pela Petrobras valem somente nas refinarias. Ou seja, os aumentos podem ser maiores pois ainda maiores, pois t\u00eam os ganhos das distribuidoras e dos postos. Os consumidores devem preparar o bolso.<\/p>\n<p>&nbsp;<\/p>\n<p>Nos postos do Distrito Federal, a gasolina est\u00e1 sendo comercializada, em m\u00e9dia, a R$ 6,659 por litro. Mas h\u00e1 estabelecimentos em que os pre\u00e7os encostam nos R$ 7. Lembrando que, nesta semana, sem qualquer justificativa, os postos promoveram mais um reajuste. J\u00e1 o g\u00e1s de cozinha encosta dos R$ 125.<\/p>\n<p>&nbsp;<\/p>\n<p>A gasolina e o g\u00e1s de cozinha est\u00e3o pesando muito no or\u00e7amento das fam\u00edlias e puxando a infla\u00e7\u00e3o para cima. Em setembro, o \u00cdndice de Pre\u00e7os ao Consumidor Amplo (IPCA) ficou em 1,16%, o maior para o m\u00eas desde 1994, in\u00edcio do Plano Real. Em 12 meses, a taxa alcan\u00e7a 10,25%.<\/p>\n<p>&nbsp;<\/p>\n<p>A justificativa da Petrobras para mais um reajuste \u00e9 a disparada do d\u00f3lar e das cota\u00e7\u00f5es do petr\u00f3leo no mercado internacional, que est\u00e3o nos n\u00edveis mais elevados em tr\u00eas anos. O d\u00f3lar est\u00e1 sendo vendido acima de R$ 5,50, refletindo as incertezas pol\u00edticas no pa\u00eds. &#8220;Esses ajustes s\u00e3o importantes para garantir que o mercado siga sendo suprido em bases econ\u00f4micas e sem riscos de desabastecimento&#8221;, diz a empresa.<\/p>\n<p>&nbsp;<\/p>\n<p>A estatal informa que o pre\u00e7o m\u00e9dio de venda do g\u00e1s passar\u00e1 de R$ 3,60 para R$ 3,86 por kg, equivalente a R$ 50,15 por 13kg. No caso da gasolina, o pre\u00e7o m\u00e9dio de venda passar\u00e1 de R$ 2,78 para R$ 2,98, refletindo reajuste m\u00e9dio de R$ 0,20 por litro.<\/p>\n<p>&nbsp;<\/p>\n<p>No final de setembro, a Petrobras havia reajustado o diesel em 8,9%, provocando a ira dos caminhoneiros, base pol\u00edtica do presidente Bolsonaro. Hoje, a petrol\u00edfera \u00e9 presidida pelo general Joaquim Silva e Luna<\/p>\n<p>&nbsp;<\/p>\n<p><em>Bras\u00edlia, 12h31min<\/em><\/p>\n","protected":false},"excerpt":{"rendered":"<p>Apesar das queixas do presidente Jair Bolsonaro, a Petrobras informa que reajustar\u00e1 o pre\u00e7o do g\u00e1s de botij\u00e3o e da gasolina em 7% a partir deste s\u00e1bado (09\/10). Nos \u00faltimos 12 meses, a gasolina j\u00e1 acumula alta de quase 40% e o g\u00e1s de cozinha, de 35%. Haja dinheiro para bancar isso. &nbsp; \u00c9 bom [&hellip;]<\/p>\n","protected":false},"author":22,"featured_media":12528,"comment_status":"open","ping_status":"closed","sticky":false,"template":"","format":"standard","meta":{"wpb_read_more":[],"footnotes":""},"categories":[600],"tags":[589,4943,5820],"class_list":["post-21260","post","type-post","status-publish","format-standard","has-post-thumbnail","hentry","category-economia","tag-economia","tag-financas","tag-prepare-o-bolso-petrobras-aumenta-gasolina-e-gas-de-cozinha-em-7"],"_links":{"self":[{"href":"https:\/\/blogs2.correiobraziliense.com.br\/vicente\/wp-json\/wp\/v2\/posts\/21260","targetHints":{"allow":["GET"]}}],"collection":[{"href":"https:\/\/blogs2.correiobraziliense.com.br\/vicente\/wp-json\/wp\/v2\/posts"}],"about":[{"href":"https:\/\/blogs2.correiobraziliense.com.br\/vicente\/wp-json\/wp\/v2\/types\/post"}],"author":[{"embeddable":true,"href":"https:\/\/blogs2.correiobraziliense.com.br\/vicente\/wp-json\/wp\/v2\/users\/22"}],"replies":[{"embeddable":true,"href":"https:\/\/blogs2.correiobraziliense.com.br\/vicente\/wp-json\/wp\/v2\/comments?post=21260"}],"version-history":[{"count":10,"href":"https:\/\/blogs2.correiobraziliense.com.br\/vicente\/wp-json\/wp\/v2\/posts\/21260\/revisions"}],"predecessor-version":[{"id":21270,"href":"https:\/\/blogs2.correiobraziliense.com.br\/vicente\/wp-json\/wp\/v2\/posts\/21260\/revisions\/21270"}],"wp:featuredmedia":[{"embeddable":true,"href":"https:\/\/blogs2.correiobraziliense.com.br\/vicente\/wp-json\/wp\/v2\/media\/12528"}],"wp:attachment":[{"href":"https:\/\/blogs2.correiobraziliense.com.br\/vicente\/wp-json\/wp\/v2\/media?parent=21260"}],"wp:term":[{"taxonomy":"category","embeddable":true,"href":"https:\/\/blogs2.correiobraziliense.com.br\/vicente\/wp-json\/wp\/v2\/categories?post=21260"},{"taxonomy":"post_tag","embeddable":true,"href":"https:\/\/blogs2.correiobraziliense.com.br\/vicente\/wp-json\/wp\/v2\/tags?post=21260"}],"curies":[{"name":"wp","href":"https:\/\/api.w.org\/{rel}","templated":true}]}}