{"id":21288,"date":"2021-10-13T15:16:07","date_gmt":"2021-10-13T18:16:07","guid":{"rendered":"https:\/\/blogs2.correiobraziliense.com.br\/vicente\/?p=21288"},"modified":"2021-10-13T16:09:53","modified_gmt":"2021-10-13T19:09:53","slug":"acredite-produtos-por-menos-de-r-1-no-supermercado","status":"publish","type":"post","link":"https:\/\/blogs2.correiobraziliense.com.br\/vicente\/acredite-produtos-por-menos-de-r-1-no-supermercado\/","title":{"rendered":"Acredite: produtos por menos de R$ 1 no supermercado"},"content":{"rendered":"<h2>Com as fam\u00edlias atoladas em d\u00edvidas e comprando cada vez menos, toda promo\u00e7\u00e3o \u00e9 muito bem-vinda. Um supermercado de \u00c1guas Claras, bairro de classe m\u00e9dia alta de Bras\u00edlia, est\u00e1 ofertando alguns produtos por menos de R$ 1 cada. Alface, cebola, espinafre e outros legumes e verduras podem ser adquiridos por pre\u00e7os bem acess\u00edveis.<\/h2>\n<p>&nbsp;<\/p>\n<p>Como s\u00e3o produtos perec\u00edveis, que estragam muito r\u00e1pido, o supermercado, seguindo muitos outros pelo pa\u00eds, definiu a quarta-feira como dia da feira. Nos \u00faltimos dias, o quilo da cebola, por exemplo, estava a R$ 3,99. Nesta quarta-feira, o produto est\u00e1 ofertado por R$ 0,98. A alface, que, normalmente, sai por quase R$ 3, tamb\u00e9m est\u00e1 a R$ 0,98.<\/p>\n<p>&nbsp;<\/p>\n<p>Especialistas recomendam aos consumidores que aproveitem esse tipo de promo\u00e7\u00e3o. Mas \u00e9 preciso se programar. Assim como tem o dia de promo\u00e7\u00e3o de verduras e legumes, tamb\u00e9m tem o dia das carnes, cujos pre\u00e7os est\u00e3o pela hora da morte. De real em real economizado, pode-se botar mais mercadorias no carrinho do supermercado.<\/p>\n<p>&nbsp;<\/p>\n<p>No caso dos produtos que t\u00eam ofertas programadas, os consumidores devem fazer compras semanais. \u00c9 uma forma de economizar. Segundo especialistas, muitas pessoas moram perto de dois ou tr\u00eas supermercados, mas t\u00eam pregui\u00e7a de pesquisar pre\u00e7os e acabam comprando no primeiro estabelecimento que entram. Isso \u00e9 um erro, sobretudo em tempos de infla\u00e7\u00e3o t\u00e3o alta, como agora.<\/p>\n<p>&nbsp;<\/p>\n<p>O contador L\u00facio Gon\u00e7alves, 56 anos, n\u00e3o abre m\u00e3o da economia. Ele n\u00e3o s\u00f3 aproveita os dias de promo\u00e7\u00f5es nos supermercados, como pesquisa pre\u00e7os. &#8220;Sempre comparo tudo&#8221;, afirma. Outra estrat\u00e9gia usada por ele \u00e9 substituir produtos mais caros por outros mais baratos ou mesmo trocar de marcas.<\/p>\n<p>&nbsp;<\/p>\n<p>&#8220;N\u00e3o estou rasgando dinheiro&#8221;, afirma o contador. &#8220;A infla\u00e7\u00e3o chegou com tudo. O governo diz que o custo de vida aumentou 10% nos \u00faltimos 12 meses, mas, quando vamos ao supermercado, a realidade \u00e9 muito diferente. Os pre\u00e7os subiram muito mais do que isso, em m\u00e9dia&#8221;, frisa.<\/p>\n<p>&nbsp;<\/p>\n<p><em>Bras\u00edlia, 15h16min<\/em><\/p>\n","protected":false},"excerpt":{"rendered":"<p>Com as fam\u00edlias atoladas em d\u00edvidas e comprando cada vez menos, toda promo\u00e7\u00e3o \u00e9 muito bem-vinda. Um supermercado de \u00c1guas Claras, bairro de classe m\u00e9dia alta de Bras\u00edlia, est\u00e1 ofertando alguns produtos por menos de R$ 1 cada. Alface, cebola, espinafre e outros legumes e verduras podem ser adquiridos por pre\u00e7os bem acess\u00edveis. &nbsp; Como [&hellip;]<\/p>\n","protected":false},"author":22,"featured_media":21289,"comment_status":"open","ping_status":"closed","sticky":false,"template":"","format":"standard","meta":{"wpb_read_more":[],"footnotes":""},"categories":[600],"tags":[5822,589,4943,4547],"class_list":["post-21288","post","type-post","status-publish","format-standard","has-post-thumbnail","hentry","category-economia","tag-acredite-produtos-por-menos-de-r-1-no-supermercado","tag-economia","tag-financas","tag-negocios"],"_links":{"self":[{"href":"https:\/\/blogs2.correiobraziliense.com.br\/vicente\/wp-json\/wp\/v2\/posts\/21288","targetHints":{"allow":["GET"]}}],"collection":[{"href":"https:\/\/blogs2.correiobraziliense.com.br\/vicente\/wp-json\/wp\/v2\/posts"}],"about":[{"href":"https:\/\/blogs2.correiobraziliense.com.br\/vicente\/wp-json\/wp\/v2\/types\/post"}],"author":[{"embeddable":true,"href":"https:\/\/blogs2.correiobraziliense.com.br\/vicente\/wp-json\/wp\/v2\/users\/22"}],"replies":[{"embeddable":true,"href":"https:\/\/blogs2.correiobraziliense.com.br\/vicente\/wp-json\/wp\/v2\/comments?post=21288"}],"version-history":[{"count":1,"href":"https:\/\/blogs2.correiobraziliense.com.br\/vicente\/wp-json\/wp\/v2\/posts\/21288\/revisions"}],"predecessor-version":[{"id":21290,"href":"https:\/\/blogs2.correiobraziliense.com.br\/vicente\/wp-json\/wp\/v2\/posts\/21288\/revisions\/21290"}],"wp:featuredmedia":[{"embeddable":true,"href":"https:\/\/blogs2.correiobraziliense.com.br\/vicente\/wp-json\/wp\/v2\/media\/21289"}],"wp:attachment":[{"href":"https:\/\/blogs2.correiobraziliense.com.br\/vicente\/wp-json\/wp\/v2\/media?parent=21288"}],"wp:term":[{"taxonomy":"category","embeddable":true,"href":"https:\/\/blogs2.correiobraziliense.com.br\/vicente\/wp-json\/wp\/v2\/categories?post=21288"},{"taxonomy":"post_tag","embeddable":true,"href":"https:\/\/blogs2.correiobraziliense.com.br\/vicente\/wp-json\/wp\/v2\/tags?post=21288"}],"curies":[{"name":"wp","href":"https:\/\/api.w.org\/{rel}","templated":true}]}}