{"id":213,"date":"2015-10-06T00:10:00","date_gmt":"2015-10-06T03:10:00","guid":{"rendered":"https:\/\/blogs2.correiobraziliense.com.br\/vicente\/opcao_pelo_isolamento\/"},"modified":"2015-10-06T00:10:00","modified_gmt":"2015-10-06T03:10:00","slug":"opcao_pelo_isolamento","status":"publish","type":"post","link":"https:\/\/blogs2.correiobraziliense.com.br\/vicente\/opcao_pelo_isolamento\/","title":{"rendered":"OP\u00c7\u00c3O PELO ISOLAMENTO"},"content":{"rendered":"\n<p>O Brasil comandado por Dilma Rousseff \u00e9 o retrato do atraso. Por quest\u00f5es ideol\u00f3gicas, ela est\u00e1 condenando o pa\u00eds ao isolamento. Enquanto vizinhos como o Peru e o Chile est\u00e3o comemorando o fechamento do maior acordo comercial do mundo, o Transpac\u00edfico, que poderia ser uma alavanca espetacular para a nossa combalida economia, temos de nos contentar com associa\u00e7\u00f5es a na\u00e7\u00f5es que pouco agregam, como a Venezuela, um pa\u00eds destru\u00eddo pela corrup\u00e7\u00e3o e pelo populismo.  <\/p>\n<p>Em seu discurso positivo, o governo prega que, com a alta do d\u00f3lar, o Brasil ficar\u00e1 mais competitivo no mercado internacional. As empresas que aqui produzem poder\u00e3o ampliar as exporta\u00e7\u00f5es, o que ajudar\u00e1 na retomada do crescimento. O c\u00e2mbio, por\u00e9m, n\u00e3o resolve, sozinho, todos os problemas do pa\u00eds. Al\u00e9m do excesso de tributos, da burocracia e da defici\u00eancia da infraestrutura, os exportadores continuar\u00e3o sofrendo com barreiras tarif\u00e1rias e n\u00e3o tarif\u00e1rias que os acordos comerciais est\u00e3o derrubando para nossos concorrentes.  <\/p>\n<p>Mesmo sendo a s\u00e9tima economia do planeta, o Brasil responde por menos de 1,5% do com\u00e9rcio mundial. Essa fatia s\u00f3 n\u00e3o \u00e9 menor gra\u00e7as \u00e0s exporta\u00e7\u00f5es de commodities (gr\u00e3os e min\u00e9rios), segmento no qual o pa\u00eds \u00e9 muito competitivo. O problema \u00e9 que, at\u00e9 nesse ramo, os exportadores brasileiros correm perigo, pois os acordos preveem privil\u00e9gios para seus integrantes. A Austr\u00e1lia, um dos membros do bloco que representa quase 40% do Produto Interno Bruto (PIB) global, poder\u00e1 ampliar as vendas de a\u00e7\u00facar para os Estados Unidos, os maiores importadores do mundo.  <\/p>\n<p>Como lembra o economista S\u00edlvio Campos Neto, da Consultoria Tend\u00eancias, o Brasil cometeu, nos \u00faltimos anos, erros brutais na sua pol\u00edtica externa. Afastou-se dos grandes mercados, como o norte-americano, por quest\u00f5es meramente ideol\u00f3gicas. Deu valor a um mercado fadado ao fracasso \u2014 o Mercosul \u2014, que se tornou uma trava para acordos que realmente poderiam ampliar o com\u00e9rcio internacional do pa\u00eds, como o negociado h\u00e1 mais de uma d\u00e9cada com a Uni\u00e3o Europeia. Nessas negocia\u00e7\u00f5es, sempre prevalecem os interesses da Argentina.  <\/p>\n<p><b>Reserva de mercado<\/b>  <\/p>\n<p>As op\u00e7\u00f5es erradas do Brasil j\u00e1 se tornaram motivo de chacota, a ponto de o pa\u00eds ser chamado de &#8220;an\u00e3o&#8221; no mundo diplom\u00e1tico. Acordos comerciais n\u00e3o significam apenas mais exporta\u00e7\u00f5es e importa\u00e7\u00f5es, representam troca de tecnologia. Num mundo cada vez mais conectado, n\u00e3o \u00e9 poss\u00edvel um pa\u00eds ficar distante da revolu\u00e7\u00e3o que est\u00e1 ocorrendo mundo afora. Quem paga a conta do isolamento imposto pelo governo \u00e9 a popula\u00e7\u00e3o, que \u00e9 obrigada a conviver com produtos ultrapassados e caros. Vejam os exemplos dos carros. Os modelos ofertados no Brasil n\u00e3o seriam consumidos em nenhuma economia civilizada e exigente.  <\/p>\n<p>Pouqu\u00edssimos pa\u00edses no mundo s\u00e3o t\u00e3o fechados como o Brasil. A op\u00e7\u00e3o do governo \u00e9 pelo lobby corporativista do empresariado que se beneficia das reservas de mercado. N\u00e3o \u00e9 por falta de alerta que o atraso prevalece. Ele est\u00e1 na raiz do PT, que acredita ser suficiente apenas um mercado dom\u00e9stico forte para sustentar uma economia. Um pa\u00eds que quer ter voz no palco mundial precisa estar integrado, com parceiros estrat\u00e9gicos. &#8220;\u00c9 uma pena n\u00e3o podermos tirar proveito do melhor que o mundo tem a nos oferecer&#8221;, ressalta Campos Neto.  <\/p>\n<p>O Brasil resultante das administra\u00e7\u00f5es petistas ficou na promessa. Por um bom per\u00edodo, acreditou-se que, finalmente, o pa\u00eds decolaria e se tornaria um ator global. Na verdade, o que se v\u00ea hoje \u00e9 uma na\u00e7\u00e3o de segunda categoria, rastejando por um lugar ao sol.  <\/p>\n<p><i>Bras\u00edlia, 00h10min<\/i>   <\/p>\n","protected":false},"excerpt":{"rendered":"<p>O Brasil comandado por Dilma Rousseff \u00e9 o retrato do atraso. Por quest\u00f5es ideol\u00f3gicas, ela est\u00e1 condenando o pa\u00eds ao isolamento. Enquanto vizinhos como o Peru e o Chile est\u00e3o comemorando o fechamento do maior acordo comercial do mundo, o Transpac\u00edfico, que poderia ser uma alavanca espetacular para a nossa combalida economia, temos de nos [&hellip;]<\/p>\n","protected":false},"author":22,"featured_media":0,"comment_status":"open","ping_status":"open","sticky":false,"template":"","format":"standard","meta":{"wpb_read_more":[],"footnotes":""},"categories":[1],"tags":[],"class_list":["post-213","post","type-post","status-publish","format-standard","hentry","category-sem-categoria"],"_links":{"self":[{"href":"https:\/\/blogs2.correiobraziliense.com.br\/vicente\/wp-json\/wp\/v2\/posts\/213","targetHints":{"allow":["GET"]}}],"collection":[{"href":"https:\/\/blogs2.correiobraziliense.com.br\/vicente\/wp-json\/wp\/v2\/posts"}],"about":[{"href":"https:\/\/blogs2.correiobraziliense.com.br\/vicente\/wp-json\/wp\/v2\/types\/post"}],"author":[{"embeddable":true,"href":"https:\/\/blogs2.correiobraziliense.com.br\/vicente\/wp-json\/wp\/v2\/users\/22"}],"replies":[{"embeddable":true,"href":"https:\/\/blogs2.correiobraziliense.com.br\/vicente\/wp-json\/wp\/v2\/comments?post=213"}],"version-history":[{"count":0,"href":"https:\/\/blogs2.correiobraziliense.com.br\/vicente\/wp-json\/wp\/v2\/posts\/213\/revisions"}],"wp:attachment":[{"href":"https:\/\/blogs2.correiobraziliense.com.br\/vicente\/wp-json\/wp\/v2\/media?parent=213"}],"wp:term":[{"taxonomy":"category","embeddable":true,"href":"https:\/\/blogs2.correiobraziliense.com.br\/vicente\/wp-json\/wp\/v2\/categories?post=213"},{"taxonomy":"post_tag","embeddable":true,"href":"https:\/\/blogs2.correiobraziliense.com.br\/vicente\/wp-json\/wp\/v2\/tags?post=213"}],"curies":[{"name":"wp","href":"https:\/\/api.w.org\/{rel}","templated":true}]}}