{"id":21303,"date":"2021-10-14T10:51:15","date_gmt":"2021-10-14T13:51:15","guid":{"rendered":"https:\/\/blogs2.correiobraziliense.com.br\/vicente\/?p=21303"},"modified":"2021-10-14T11:30:27","modified_gmt":"2021-10-14T14:30:27","slug":"bolsonaro-lira-e-guedes-articulam-privatizacao-da-petrobras","status":"publish","type":"post","link":"https:\/\/blogs2.correiobraziliense.com.br\/vicente\/bolsonaro-lira-e-guedes-articulam-privatizacao-da-petrobras\/","title":{"rendered":"Bolsonaro, Lira e Guedes articulam privatiza\u00e7\u00e3o da Petrobras"},"content":{"rendered":"<h2>Est\u00e3o completamente articulados os discursos do presidente Jair Bolsonaro, do presidente da C\u00e2mara, Arthur Lira, e do ministro da Economia, Paulo Guedes, em favor da privatiza\u00e7\u00e3o da Petrobras. Nos \u00faltimos dois dias, os tr\u00eas afirmaram a mesma coisa: o desejo de vender o controle da estatal \u00e0 iniciativa privada.<\/h2>\n<p>&nbsp;<\/p>\n<p>O argumento \u00e9 o mesmo: a alta dos pre\u00e7os dos combust\u00edveis. No entender de Bolsonaro, Lira e Guedes, se a Petrobras for privatizada, tanto a gasolina quanto o diesel e o g\u00e1s de cozinha ficar\u00e3o mais baratos. Mas isso \u00e9 uma fal\u00e1cia. Nas m\u00e3os da iniciativa privada, a petroleira manteria a pol\u00edtica de equipara\u00e7\u00e3o de pre\u00e7os aos do mercado internacional.<\/p>\n<p>&nbsp;<\/p>\n<p>Mais do que isso, privatizada, a Petrobras reajustaria ainda com maior frequ\u00eancia os pre\u00e7os dos combust\u00edveis. N\u00e3o custa lembrar que os mais recentes aumentos da gasolina, do diesel e do g\u00e1s de cozinha ocorreram depois de mais de 60 dias, em m\u00e9dia, de congelamento.<\/p>\n<p>&nbsp;<\/p>\n<p>O atual comando da Petrobras s\u00f3 est\u00e1 repassando a alta do d\u00f3lar e do petr\u00f3leo no exterior aos pre\u00e7os internos depois de muita press\u00e3o. Para n\u00e3o incomodar o Pal\u00e1cio do Planalto, a estatal mant\u00e9m uma certa defasagem nos pre\u00e7os praticados nas refinarias. Privatizada, isso jamais ocorreria na Petrobras.<\/p>\n<p>&nbsp;<\/p>\n<p>Para Bolsonaro, que sempre foi refrat\u00e1rio \u00e0 venda da Petrobras, a privatiza\u00e7\u00e3o seria uma forma de ele encontrar um discurso de que a culpa pela alta dos pre\u00e7os \u00e9 da iniciativa privada. Ou seja, ele teria para quem jogar a culpa, fazendo-se de inocente.<\/p>\n<p>&nbsp;<\/p>\n<p>Mas que fique claro: n\u00e3o h\u00e1 a menor possibilidade de a Petrobras ser privatizada no atual governo, por causa das resist\u00eancias dentro do Congresso e por falta de tempo. Mas o tema pode ser uma das bandeiras de Bolsonaro \u00e0 reelei\u00e7\u00e3o. Resta saber como os eleitores v\u00e3o reagir a uma proposta t\u00e3o pol\u00eamica como esta.<\/p>\n<p>&nbsp;<\/p>\n<p><em>Bras\u00edlia, 10h51min<\/em><\/p>\n","protected":false},"excerpt":{"rendered":"<p>Est\u00e3o completamente articulados os discursos do presidente Jair Bolsonaro, do presidente da C\u00e2mara, Arthur Lira, e do ministro da Economia, Paulo Guedes, em favor da privatiza\u00e7\u00e3o da Petrobras. Nos \u00faltimos dois dias, os tr\u00eas afirmaram a mesma coisa: o desejo de vender o controle da estatal \u00e0 iniciativa privada. &nbsp; O argumento \u00e9 o mesmo: [&hellip;]<\/p>\n","protected":false},"author":22,"featured_media":17288,"comment_status":"open","ping_status":"closed","sticky":false,"template":"","format":"standard","meta":{"wpb_read_more":[],"footnotes":""},"categories":[600],"tags":[2554,589,4943,5823,4547],"class_list":["post-21303","post","type-post","status-publish","format-standard","has-post-thumbnail","hentry","category-economia","tag-bolsonaro","tag-economia","tag-financas","tag-lira-e-guedes-articulam-privatizacao-da-petrobras","tag-negocios"],"_links":{"self":[{"href":"https:\/\/blogs2.correiobraziliense.com.br\/vicente\/wp-json\/wp\/v2\/posts\/21303","targetHints":{"allow":["GET"]}}],"collection":[{"href":"https:\/\/blogs2.correiobraziliense.com.br\/vicente\/wp-json\/wp\/v2\/posts"}],"about":[{"href":"https:\/\/blogs2.correiobraziliense.com.br\/vicente\/wp-json\/wp\/v2\/types\/post"}],"author":[{"embeddable":true,"href":"https:\/\/blogs2.correiobraziliense.com.br\/vicente\/wp-json\/wp\/v2\/users\/22"}],"replies":[{"embeddable":true,"href":"https:\/\/blogs2.correiobraziliense.com.br\/vicente\/wp-json\/wp\/v2\/comments?post=21303"}],"version-history":[{"count":1,"href":"https:\/\/blogs2.correiobraziliense.com.br\/vicente\/wp-json\/wp\/v2\/posts\/21303\/revisions"}],"predecessor-version":[{"id":21304,"href":"https:\/\/blogs2.correiobraziliense.com.br\/vicente\/wp-json\/wp\/v2\/posts\/21303\/revisions\/21304"}],"wp:featuredmedia":[{"embeddable":true,"href":"https:\/\/blogs2.correiobraziliense.com.br\/vicente\/wp-json\/wp\/v2\/media\/17288"}],"wp:attachment":[{"href":"https:\/\/blogs2.correiobraziliense.com.br\/vicente\/wp-json\/wp\/v2\/media?parent=21303"}],"wp:term":[{"taxonomy":"category","embeddable":true,"href":"https:\/\/blogs2.correiobraziliense.com.br\/vicente\/wp-json\/wp\/v2\/categories?post=21303"},{"taxonomy":"post_tag","embeddable":true,"href":"https:\/\/blogs2.correiobraziliense.com.br\/vicente\/wp-json\/wp\/v2\/tags?post=21303"}],"curies":[{"name":"wp","href":"https:\/\/api.w.org\/{rel}","templated":true}]}}