{"id":214,"date":"2015-10-06T10:10:00","date_gmt":"2015-10-06T13:10:00","guid":{"rendered":"https:\/\/blogs2.correiobraziliense.com.br\/vicente\/levy_e_os_diabos\/"},"modified":"2015-10-06T10:10:00","modified_gmt":"2015-10-06T13:10:00","slug":"levy_e_os_diabos","status":"publish","type":"post","link":"https:\/\/blogs2.correiobraziliense.com.br\/vicente\/levy_e_os_diabos\/","title":{"rendered":"LEVY E OS DIABOS"},"content":{"rendered":"\n<p>\u00bb O ministro da Fazenda, Joaquim Levy, vai fazer o diabo para ficar no cargo. Ele sabe que n\u00e3o \u00e9 bem-quisto dentro do governo e que, se dependesse de uma ala que transita no entorno da presidente Dilma Rousseff, j\u00e1 teria dado adeus \u00e0 Esplanada dos Minist\u00e9rios h\u00e1 um bom tempo.  <\/p>\n<p><b>Dobrando a esquina<\/b>  <\/p>\n<p>\u00bb Levy, inclusive, j\u00e1 tem um sucessor escolhido por Lula: Henrique Meirelles, ex-presidente do Banco Central. Mas o ministro n\u00e3o quer sair. E para se fortalecer, adotou um novo modelito no discurso. Saiu o ajuste fiscal e entrou a promessa de crescimento econ\u00f4mico que, segundo ele, est\u00e1 logo ali, dobrando a esquina.  <\/p>\n<p><b>Propaganda enganosa<\/b>  <\/p>\n<p>\u00bb Uma das principais queixas dentro do governo em rela\u00e7\u00e3o a Levy \u00e9 de que ele s\u00f3 pensa no ajuste fiscal, n\u00e3o d\u00e1 esperan\u00e7as \u00e0s pessoas. O ministro resolveu contrariar suas pr\u00f3prias cren\u00e7as, pois sabe da gravidade da atual crise, s\u00f3 para se manter no poder. Agora, para ele, vale a propaganda enganosa que ajudou a reeleger Dilma.  <\/p>\n<p><b>For\u00e7a do ego<\/b>  <\/p>\n<p>\u00bb Muitos acreditam que Levy est\u00e1 se submetendo a tanta humilha\u00e7\u00e3o pelo ego de se sentar na cadeira mais importante da Esplanada. Uns poucos veem no gesto do ministro um compromisso por um Brasil melhor. Pelo ego, ele chega ao fim de 2018 no cargo se Dilma n\u00e3o sofrer o impeachment.  <\/p>\n<p><i>Bras\u00edlia, 10h10min<\/i>   <\/p>\n","protected":false},"excerpt":{"rendered":"<p>\u00bb O ministro da Fazenda, Joaquim Levy, vai fazer o diabo para ficar no cargo. Ele sabe que n\u00e3o \u00e9 bem-quisto dentro do governo e que, se dependesse de uma ala que transita no entorno da presidente Dilma Rousseff, j\u00e1 teria dado adeus \u00e0 Esplanada dos Minist\u00e9rios h\u00e1 um bom tempo. Dobrando a esquina \u00bb [&hellip;]<\/p>\n","protected":false},"author":22,"featured_media":0,"comment_status":"open","ping_status":"open","sticky":false,"template":"","format":"standard","meta":{"wpb_read_more":[],"footnotes":""},"categories":[1],"tags":[],"class_list":["post-214","post","type-post","status-publish","format-standard","hentry","category-sem-categoria"],"_links":{"self":[{"href":"https:\/\/blogs2.correiobraziliense.com.br\/vicente\/wp-json\/wp\/v2\/posts\/214","targetHints":{"allow":["GET"]}}],"collection":[{"href":"https:\/\/blogs2.correiobraziliense.com.br\/vicente\/wp-json\/wp\/v2\/posts"}],"about":[{"href":"https:\/\/blogs2.correiobraziliense.com.br\/vicente\/wp-json\/wp\/v2\/types\/post"}],"author":[{"embeddable":true,"href":"https:\/\/blogs2.correiobraziliense.com.br\/vicente\/wp-json\/wp\/v2\/users\/22"}],"replies":[{"embeddable":true,"href":"https:\/\/blogs2.correiobraziliense.com.br\/vicente\/wp-json\/wp\/v2\/comments?post=214"}],"version-history":[{"count":0,"href":"https:\/\/blogs2.correiobraziliense.com.br\/vicente\/wp-json\/wp\/v2\/posts\/214\/revisions"}],"wp:attachment":[{"href":"https:\/\/blogs2.correiobraziliense.com.br\/vicente\/wp-json\/wp\/v2\/media?parent=214"}],"wp:term":[{"taxonomy":"category","embeddable":true,"href":"https:\/\/blogs2.correiobraziliense.com.br\/vicente\/wp-json\/wp\/v2\/categories?post=214"},{"taxonomy":"post_tag","embeddable":true,"href":"https:\/\/blogs2.correiobraziliense.com.br\/vicente\/wp-json\/wp\/v2\/tags?post=214"}],"curies":[{"name":"wp","href":"https:\/\/api.w.org\/{rel}","templated":true}]}}