{"id":21407,"date":"2021-10-21T15:35:04","date_gmt":"2021-10-21T18:35:04","guid":{"rendered":"https:\/\/blogs2.correiobraziliense.com.br\/vicente\/?p=21407"},"modified":"2021-10-21T16:05:38","modified_gmt":"2021-10-21T19:05:38","slug":"para-bolsonaro-o-carnaval-chegou-e-guedes-esta-vestido-de-palhaco","status":"publish","type":"post","link":"https:\/\/blogs2.correiobraziliense.com.br\/vicente\/para-bolsonaro-o-carnaval-chegou-e-guedes-esta-vestido-de-palhaco\/","title":{"rendered":"&#8220;Para Bolsonaro, o carnaval chegou e Guedes est\u00e1 vestido de palha\u00e7o&#8221;"},"content":{"rendered":"<h2>Operadores do mercado financeiro est\u00e3o at\u00f4nitos com o fato de o presidente Jair Bolsonaro ter rasgado, sem cerim\u00f4nia, a responsabilidade fiscal na tentativa de se reeleger em 2022. Diz um profissional de um dos maiores bancos estrangeiros no Brasil: &#8220;Para Bolsonaro, o carnaval chegou e Guedes est\u00e1 vestido de palha\u00e7o&#8221;.<\/h2>\n<p>&nbsp;<\/p>\n<p>Se j\u00e1 havia desconforto com o an\u00fancio do Aux\u00edlio Brasil de R$ 400, bancado com recursos fora do teto de gastos, o caldo entornou de vez depois de Bolsonaro anunciar &#8220;uma ajuda&#8221; a 750 mil caminhoneiros que amea\u00e7am fazer greve por causa da disparada dos pre\u00e7os do diesel. Analistas veem rombo nas contas de mais de R$ 100 bilh\u00f5es s\u00f3 com as medidas populistas.<\/p>\n<p>&nbsp;<\/p>\n<p>O mercado financeiro trabalhou pesado pela elei\u00e7\u00e3o de Jair Bolsonaro, apostando que Paulo Guedes, como ministro da Economia, daria um choque fiscal no pa\u00eds, com forte redu\u00e7\u00e3o do deficit p\u00fablico e enxugamento do Estado. Nada, no entanto, aconteceu.<\/p>\n<p>&nbsp;<\/p>\n<p>Pelo contr\u00e1rio, Guedes foi engolido pelo Centr\u00e3o, que assumiu o comando do governo em troca de n\u00e3o levar adiante nenhum processo de impeachment de Bolsonaro. Foi o Centr\u00e3o que convenceu o presidente a anunciar logo o Aux\u00edlio Brasil fora do teto de gastos e a fazer um agrado aos caminhoneiros.<\/p>\n<p>&nbsp;<\/p>\n<p>Guedes, como dizem os operadores de mercado, virou figura\u00e7\u00e3o no governo. S\u00f3 executa o papel vergonhoso de passar o pano para as lamban\u00e7as do presidente. O ministro acredita que ser\u00e1 mantido no cargo se o chefe for reeleito. Para isso, ter\u00e1 de se ajoelhar aos p\u00e9s dos caciques do Centr\u00e3o.<\/p>\n<p>&nbsp;<\/p>\n<p><em>Bras\u00edlia, 15h35min<\/em><\/p>\n","protected":false},"excerpt":{"rendered":"<p>Operadores do mercado financeiro est\u00e3o at\u00f4nitos com o fato de o presidente Jair Bolsonaro ter rasgado, sem cerim\u00f4nia, a responsabilidade fiscal na tentativa de se reeleger em 2022. Diz um profissional de um dos maiores bancos estrangeiros no Brasil: &#8220;Para Bolsonaro, o carnaval chegou e Guedes est\u00e1 vestido de palha\u00e7o&#8221;. &nbsp; Se j\u00e1 havia desconforto [&hellip;]<\/p>\n","protected":false},"author":22,"featured_media":15234,"comment_status":"open","ping_status":"closed","sticky":false,"template":"","format":"standard","meta":{"wpb_read_more":[],"footnotes":""},"categories":[600],"tags":[589,4943,5846,5156,2787],"class_list":["post-21407","post","type-post","status-publish","format-standard","has-post-thumbnail","hentry","category-economia","tag-economia","tag-financas","tag-o-carnaval-chegou-e-guedes-esta-vestido-de-palhaco","tag-para-bolsonaro","tag-politica"],"_links":{"self":[{"href":"https:\/\/blogs2.correiobraziliense.com.br\/vicente\/wp-json\/wp\/v2\/posts\/21407","targetHints":{"allow":["GET"]}}],"collection":[{"href":"https:\/\/blogs2.correiobraziliense.com.br\/vicente\/wp-json\/wp\/v2\/posts"}],"about":[{"href":"https:\/\/blogs2.correiobraziliense.com.br\/vicente\/wp-json\/wp\/v2\/types\/post"}],"author":[{"embeddable":true,"href":"https:\/\/blogs2.correiobraziliense.com.br\/vicente\/wp-json\/wp\/v2\/users\/22"}],"replies":[{"embeddable":true,"href":"https:\/\/blogs2.correiobraziliense.com.br\/vicente\/wp-json\/wp\/v2\/comments?post=21407"}],"version-history":[{"count":1,"href":"https:\/\/blogs2.correiobraziliense.com.br\/vicente\/wp-json\/wp\/v2\/posts\/21407\/revisions"}],"predecessor-version":[{"id":21410,"href":"https:\/\/blogs2.correiobraziliense.com.br\/vicente\/wp-json\/wp\/v2\/posts\/21407\/revisions\/21410"}],"wp:featuredmedia":[{"embeddable":true,"href":"https:\/\/blogs2.correiobraziliense.com.br\/vicente\/wp-json\/wp\/v2\/media\/15234"}],"wp:attachment":[{"href":"https:\/\/blogs2.correiobraziliense.com.br\/vicente\/wp-json\/wp\/v2\/media?parent=21407"}],"wp:term":[{"taxonomy":"category","embeddable":true,"href":"https:\/\/blogs2.correiobraziliense.com.br\/vicente\/wp-json\/wp\/v2\/categories?post=21407"},{"taxonomy":"post_tag","embeddable":true,"href":"https:\/\/blogs2.correiobraziliense.com.br\/vicente\/wp-json\/wp\/v2\/tags?post=21407"}],"curies":[{"name":"wp","href":"https:\/\/api.w.org\/{rel}","templated":true}]}}