{"id":21431,"date":"2021-10-21T18:15:58","date_gmt":"2021-10-21T21:15:58","guid":{"rendered":"https:\/\/blogs2.correiobraziliense.com.br\/vicente\/?p=21431"},"modified":"2021-10-21T19:08:12","modified_gmt":"2021-10-21T22:08:12","slug":"guedes-perdeu-todas-as-condicoes-de-continuar-no-cargo","status":"publish","type":"post","link":"https:\/\/blogs2.correiobraziliense.com.br\/vicente\/guedes-perdeu-todas-as-condicoes-de-continuar-no-cargo\/","title":{"rendered":"Guedes perdeu todas as condi\u00e7\u00f5es de continuar no cargo"},"content":{"rendered":"<h2>O ministro da Economia, Paulo Guedes, n\u00e3o tem mais condi\u00e7\u00f5es de continuar no cargo. S\u00f3 permanecer\u00e1 na Esplanada dos Minist\u00e9rios se n\u00e3o honrar a sua hist\u00f3ria. Est\u00e1 desmoralizado. Perdeu o comando da pol\u00edtica econ\u00f4mica para o Centr\u00e3o e foi engolido pelos planos de reelei\u00e7\u00e3o do presidente Jair Bolsonaro.<\/h2>\n<p>&nbsp;<\/p>\n<p><a href=\"https:\/\/blogs2.correiobraziliense.com.br\/vicente\/nova-debandada-no-ministerio-da-economia\/\">Os pedidos de demiss\u00e3o, nesta quinta-feira (21\/10), do\u00a0secret\u00e1rio especial do Tesouro e Or\u00e7amento, Bruno Funchal, do secret\u00e1rio do Tesouro Nacional, Jeferson Bittencourt, da\u00a0secret\u00e1ria especial adjunta do Tesouro e Or\u00e7amento, Gildenora Dantas, e do secret\u00e1rio-adjunto do Tesouro Nacional, Rafael Araujo<\/a>, explicitam que o Minist\u00e9rio da Economia perdeu o rumo de vez.<\/p>\n<p>&nbsp;<\/p>\n<p>A debandada da equipe de Guedes foi ganhando for\u00e7a \u00e0 medida que ficou claro a fragilidade do ministro e o quanto ele era uma engana\u00e7\u00e3o ao prometer o mundo e n\u00e3o entregar nada. Quem n\u00e3o se lembra do discurso enf\u00e1tico de Guedes de que o governo faturaria R$ 1 trilh\u00e3o com privatiza\u00e7\u00f5es.<\/p>\n<p>&nbsp;<\/p>\n<p>Pois praticamente nada foi vendido. Decepcionado, o empres\u00e1rio Salim Mattar, que assumiu a Secretaria de Desestatiza\u00e7\u00e3o com o intuito de enxugar o tamanho do Estado, logo abandonou o barco ao perceber que estava furado. Paulo Uebel e Wagner Lenhart, que desenharam a proposta de reforma administrativa, tamb\u00e9m sa\u00edram fora quando viram que o governo n\u00e3o queria levar adiante essa bandeira.<\/p>\n<p>&nbsp;<\/p>\n<p>Waldery Rodrigues foi defenestrado da Secretaria Especial de Fazenda porque n\u00e3o aceitou ceder aos apelos por mais gastos feitos pelo Centr\u00e3o. Guedes teve de entregar a cabe\u00e7a de seu principal subordinado \u2014 e nem ficou vermelho. \u00c0 \u00e9poca, o ministro alegou que Waldery j\u00e1 tinha cumprido sua &#8220;excelente miss\u00e3o&#8221; \u00e0 frente da pasta.<\/p>\n<p>&nbsp;<\/p>\n<p><strong>Descontentamento geral<\/strong><\/p>\n<p>&nbsp;<\/p>\n<p>Nos \u00faltimos meses, estava escancarado o descontentamento dos integrantes do Minist\u00e9rio da Economia com Guedes. A amea\u00e7a de pedidos de demiss\u00f5es estava presente em muitas conversas diante da leni\u00eancia do ministro com a quest\u00e3o fiscal. <a href=\"https:\/\/blogs2.correiobraziliense.com.br\/vicente\/para-bolsonaro-o-carnaval-chegou-e-guedes-esta-vestido-de-palhaco\/\">Guedes, na avalia\u00e7\u00e3o de muitos, virou um fura-teto<\/a>.<\/p>\n<p>&nbsp;<\/p>\n<p>O \u00e1pice para a mais nova debandada liderada por Funchal foi atingido ap\u00f3s as declara\u00e7\u00f5es de Guedes de que o governo pediria &#8220;licen\u00e7a para gastar&#8221; com o intuito de bancar o Aux\u00edlio Emergencial, o novo programa social do governo, que substituir\u00e1 o Bolsa Fam\u00edlia.<\/p>\n<p>&nbsp;<\/p>\n<p>O benef\u00edcio m\u00ednimo ser\u00e1 de R$ 400, bancados com recursos fora do teto de gastos, mecanismo que limita o aumento das despesas do governo \u00e0 infla\u00e7\u00e3o. Funchal e equipe viram que o apoio de Guedes \u00e0 aventura fiscal era o fim do compromisso com o austeridade. Tiveram a certeza de que era melhor sair do governo enquanto ainda tinham dignidade, a qual Guedes j\u00e1 perdeu h\u00e1 um bom tempo.<\/p>\n<p>&nbsp;<\/p>\n<p><em>Bras\u00edlia, 18h15min<\/em><\/p>\n","protected":false},"excerpt":{"rendered":"<p>O ministro da Economia, Paulo Guedes, n\u00e3o tem mais condi\u00e7\u00f5es de continuar no cargo. S\u00f3 permanecer\u00e1 na Esplanada dos Minist\u00e9rios se n\u00e3o honrar a sua hist\u00f3ria. Est\u00e1 desmoralizado. Perdeu o comando da pol\u00edtica econ\u00f4mica para o Centr\u00e3o e foi engolido pelos planos de reelei\u00e7\u00e3o do presidente Jair Bolsonaro. &nbsp; Os pedidos de demiss\u00e3o, nesta quinta-feira [&hellip;]<\/p>\n","protected":false},"author":22,"featured_media":15307,"comment_status":"open","ping_status":"closed","sticky":false,"template":"","format":"standard","meta":{"wpb_read_more":[],"footnotes":""},"categories":[600],"tags":[589,5849,2526,2787],"class_list":["post-21431","post","type-post","status-publish","format-standard","has-post-thumbnail","hentry","category-economia","tag-economia","tag-guedes-perdeu-todas-as-condicoes-de-continuar-no-cargo","tag-poder","tag-politica"],"_links":{"self":[{"href":"https:\/\/blogs2.correiobraziliense.com.br\/vicente\/wp-json\/wp\/v2\/posts\/21431","targetHints":{"allow":["GET"]}}],"collection":[{"href":"https:\/\/blogs2.correiobraziliense.com.br\/vicente\/wp-json\/wp\/v2\/posts"}],"about":[{"href":"https:\/\/blogs2.correiobraziliense.com.br\/vicente\/wp-json\/wp\/v2\/types\/post"}],"author":[{"embeddable":true,"href":"https:\/\/blogs2.correiobraziliense.com.br\/vicente\/wp-json\/wp\/v2\/users\/22"}],"replies":[{"embeddable":true,"href":"https:\/\/blogs2.correiobraziliense.com.br\/vicente\/wp-json\/wp\/v2\/comments?post=21431"}],"version-history":[{"count":1,"href":"https:\/\/blogs2.correiobraziliense.com.br\/vicente\/wp-json\/wp\/v2\/posts\/21431\/revisions"}],"predecessor-version":[{"id":21432,"href":"https:\/\/blogs2.correiobraziliense.com.br\/vicente\/wp-json\/wp\/v2\/posts\/21431\/revisions\/21432"}],"wp:featuredmedia":[{"embeddable":true,"href":"https:\/\/blogs2.correiobraziliense.com.br\/vicente\/wp-json\/wp\/v2\/media\/15307"}],"wp:attachment":[{"href":"https:\/\/blogs2.correiobraziliense.com.br\/vicente\/wp-json\/wp\/v2\/media?parent=21431"}],"wp:term":[{"taxonomy":"category","embeddable":true,"href":"https:\/\/blogs2.correiobraziliense.com.br\/vicente\/wp-json\/wp\/v2\/categories?post=21431"},{"taxonomy":"post_tag","embeddable":true,"href":"https:\/\/blogs2.correiobraziliense.com.br\/vicente\/wp-json\/wp\/v2\/tags?post=21431"}],"curies":[{"name":"wp","href":"https:\/\/api.w.org\/{rel}","templated":true}]}}