{"id":21439,"date":"2021-10-22T11:07:13","date_gmt":"2021-10-22T14:07:13","guid":{"rendered":"https:\/\/blogs2.correiobraziliense.com.br\/vicente\/?p=21439"},"modified":"2021-10-22T12:16:36","modified_gmt":"2021-10-22T15:16:36","slug":"apos-debandada-na-equipe-economica-mau-humor-do-mercado-piora","status":"publish","type":"post","link":"https:\/\/blogs2.correiobraziliense.com.br\/vicente\/apos-debandada-na-equipe-economica-mau-humor-do-mercado-piora\/","title":{"rendered":"Ap\u00f3s debandada na equipe econ\u00f4mica, mau humor do mercado piora"},"content":{"rendered":"<h2>ROSANA HESSEL<\/h2>\n<h2><\/h2>\n<h2>O mau humor do mercado est\u00e1 em alta no primeiro dia ap\u00f3s a nova debandada da equipe econ\u00f4mica e a sinaliza\u00e7\u00e3o do governo de que as regras fiscais n\u00e3o ser\u00e3o respeitadas e, sim, burladas. Esse aumento da desconfian\u00e7a no controle das contas p\u00fablicas fez\u00a0Bolsa de Valores de S\u00e3o Paulo (B3) abrir novamente no vermelho, com forte oscila\u00e7\u00e3o nos primeiros minutos de preg\u00e3o; e o real perder valor frente ao d\u00f3lar.<\/h2>\n<p>&nbsp;<\/p>\n<p>A divisa norte-americana d\u00f3lar voltou a subir nesta sexta-feira (22\/10), como reflexo dessa desconfian\u00e7a no governo, e j\u00e1 supera o patamar de R$ 5,71.\u00a0Em menos de uma hora de preg\u00e3o, o \u00cdndice Bovespa, principal indicador da B3, renovava novo piso em torno de 105 mil pontos, com queda acima de 2% enquanto o Centr\u00e3o, que tradicionalmente n\u00e3o tem respeito ao controle das contas p\u00fablicas e busca abocanhar o quanto pode do Or\u00e7amento, amplia os dom\u00ednios sobre um governo cada vez mais enfraquecido.<\/p>\n<p>&nbsp;<\/p>\n<p>Essa piora nos indicadores do mercado continua refletindo, em grande parte, a m\u00e1 repercuss\u00e3o do pedido de licen\u00e7a para gastar mais feito pelo ministro da Economia, Paulo Guedes, para estourar o teto de gastos &#8212; emenda constitucional que limita o aumento das despesas pela infla\u00e7\u00e3o &#8212; como forma de abrir espa\u00e7o para um Aux\u00edlio Brasil prometido pelo presidente Jair Bolsonaro (sem partido) de, &#8220;pelo menos&#8221;, R$ 400 deixou o mercado em polvorosa e o resqu\u00edcio de credibilidade que a equipe tinha foi-se embora junto com os quatro integrantes que anunciaram o pedido de demiss\u00e3o.<\/p>\n<p>&nbsp;<\/p>\n<p>Na noite de ontem, a pasta divulgou nota confirmando a sa\u00edda do secret\u00e1rio especial do Tesouro e Or\u00e7amento, Bruno Funchal, a sua secretaria especial adjunta Gildenora Dantas, o secret\u00e1rio do Tesouro Nacional, Jeferson Bittencourt e seu adjunto, Rafael Ara\u00fajo. A secretaria era um dos redutos de maior credibilidade junto ao mercado da manuten\u00e7\u00e3o das regras fiscais, embora que com dificuldade, por ter uma equipe t\u00e9cnica que vinha buscando preservar as regras fiscais e controlar um aumento explosivo dos gastos p\u00fablicos.<\/p>\n<p>&nbsp;<\/p>\n<p>Vale lembrar que os nomes do mercado que Guedes tinha levado para a equipe econ\u00f4mica j\u00e1 n\u00e3o est\u00e3o mais na equipe que fez parte da transi\u00e7\u00e3o do governo. Logo, ser\u00e1\u00a0dif\u00edcil para o ministro Guedes encontrar bons nomes e manter a credibilidade na equipe para manter o discurso de que o teto &#8220;ser\u00e1 preservado&#8221;Interlocutores do ministros contam que ele n\u00e3o deve pedir demiss\u00e3o do cargo, mas\u00a0os rumores da Esplanada indicam que o presidente j\u00e1 come\u00e7ou a buscar tamb\u00e9m um substituto para o Posto Ipiranga, que virou um ministro fura-teto, como os que ele vinha sempre criticou, sob o argumento de que Guedes n\u00e3o entregou o que prometeu.<\/p>\n<p>&nbsp;<\/p>\n<p>Na avalia\u00e7\u00e3o do economista-chefe da RPS Capital,\u00a0Gabriel Leal De Barros, esse mau humor do mercado vai persistir &#8220;at\u00e9 que consigam estancar a sangria com algum ou alguns nomes que tranquilizem o mercado&#8221;. &#8220;J\u00e1 abemos que um santo n\u00e3o faz milagre. Precisa de time&#8221;, afirmou.\u00a0 Ele reconheceu que essa tarefa de recompor a equipe e agradar o mercado ser\u00e1 muito dif\u00edcil.<\/p>\n<p>&nbsp;<\/p>\n<p>Os sinais de Bras\u00edlia s\u00e3o outros e nada animadores do ponto de vista de responsabilidade fiscal. A contabilidade criativa est\u00e1 reinando e da pior forma. Especialistas reconhecem que o quadro econ\u00f4mico que est\u00e1 sendo desenhado est\u00e1 ficando pior do que o que havia no fim do governo da ex-presidente Dilma Rousseff.\u00a0 E essa piora \u00e9 resultado da pedalada n\u00e3o apenas no pagamento de d\u00edvidas judiciais com Proposta de Emenda \u00e0 Constitui\u00e7\u00e3o (PEC) dos Precat\u00f3rios, as recentes mudan\u00e7as na mat\u00e9ria feita pelo relator, o deputado Hugo Mota (Republicanos-PB), que alterou at\u00e9 a forma de c\u00e1lculo do teto de gastos, abrindo um espa\u00e7o fiscal adicional de R$ 41,5 bilh\u00f5es a R$ 47 bilh\u00f5es a mais al\u00e9m do calote de R$ 50 bilh\u00f5es dos R$ 89,1 bilh\u00f5es da d\u00edvida com precat\u00f3rios no ano que vem.<\/p>\n<p>&nbsp;<\/p>\n<p>Agora, com o aumento das incertezas em torno do controle das contas p\u00fablicas e a incerteza jur\u00eddica que o calote em decis\u00f5es judiciais provoca na garantia de que os t\u00edtulos da d\u00edvida p\u00fablica ser\u00e3o honrados se a PEC dos Precat\u00f3rios for aprovada, vai ser dif\u00edcil segurar a escalada da infla\u00e7\u00e3o, do d\u00f3lar e dos juros.<\/p>\n<p>&nbsp;<\/p>\n<p>Guedes mostrou que jogou a toalha dos princ\u00edpios do liberalismo econ\u00f4mico e abra\u00e7ou o populismo junto com o presidente Jair Bolsonaro para pavimentar a reelei\u00e7\u00e3o, analistas passam a apostar em novas altas na taxa b\u00e1sica da economia (Selic), uma vez que investidores v\u00e3o exigir maior pr\u00eamio de risco para os t\u00edtulos p\u00fablicos, pois, com d\u00f3lar alto, infla\u00e7\u00e3o dever\u00e1 persistir na casa de dois d\u00edgitos at\u00e9 o fim do ano e especialistas n\u00e3o descartam que os juros podem chegar a 11,5% anuais at\u00e9 o primeiro trimestre de 2022.<\/p>\n<p>&nbsp;<\/p>\n<p>N\u00e3o \u00e0 toa, as apostas para o aumento da taxa b\u00e1sica na pr\u00f3xima reuni\u00e3o do Comit\u00ea de Pol\u00edtica Econ\u00f4mica (Copom), do Banco Central, que ocorre nos dias 26 e 27 deste m\u00eas, n\u00e3o param de subir e quase ningu\u00e9m mais acredita que o BC elevar\u00e1 a Selic em apenas um ponto percentual nas duas \u00faltimas reuni\u00f5es do ano, como havia sinalizado anteriormente.<\/p>\n<p>&nbsp;<\/p>\n<p>&#8220;Na nossa opini\u00e3o o Banco Central deveria ter subido a Selic em 1,25 ponto percentual j\u00e1 na \u00faltima reuni\u00e3o e erramos na proje\u00e7\u00e3o. Para a reuni\u00e3o de outubro, hav\u00edamos projetado 100 pontos-base de alta na perspectiva de que a autoridade monet\u00e1ria prefere uma alta mais prolongada no tempo que uma alta mais forte pontualmente. Contudo, est\u00e1 suficientemente evidente que o BC n\u00e3o ter\u00e1 muita op\u00e7\u00e3o a n\u00e3o ser subir mais a Selic nesta reuni\u00e3o, n\u00e3o 150 pontos como muito j\u00e1 falam, mas pelo menos 125 pontos&#8221;, avaliou Andr\u00e9 Perfeito, economista-chefe da Necton Investimentos. Ele prev\u00ea a Selic em 9,75% ao fim do ciclo de ajuste monet\u00e1rio ap\u00f3s elevar de R$ 5,40 para R$ 5,55 a previs\u00e3o para o d\u00f3lar no fim do ano. A estimativa para a infla\u00e7\u00e3o oficial no acumulado em 12 meses at\u00e9 dezembro, medida pelo \u00cdndice de Pre\u00e7os ao Consumidor Amplo (IPCA), mudou de\u00a0de 8,84% para 9,03%.<\/p>\n<p>&nbsp;<\/p>\n","protected":false},"excerpt":{"rendered":"<p>ROSANA HESSEL O mau humor do mercado est\u00e1 em alta no primeiro dia ap\u00f3s a nova debandada da equipe econ\u00f4mica e a sinaliza\u00e7\u00e3o do governo de que as regras fiscais n\u00e3o ser\u00e3o respeitadas e, sim, burladas. Esse aumento da desconfian\u00e7a no controle das contas p\u00fablicas fez\u00a0Bolsa de Valores de S\u00e3o Paulo (B3) abrir novamente no [&hellip;]<\/p>\n","protected":false},"author":22,"featured_media":19927,"comment_status":"open","ping_status":"closed","sticky":false,"template":"","format":"standard","meta":{"wpb_read_more":[],"footnotes":""},"categories":[600],"tags":[2393,343,589,2922,4,753,3613,307],"class_list":["post-21439","post","type-post","status-publish","format-standard","has-post-thumbnail","hentry","category-economia","tag-bolsa","tag-dolar","tag-economia","tag-jair-bolsonaro","tag-juros","tag-mercado","tag-paulo-guedes","tag-teto-de-gastos"],"_links":{"self":[{"href":"https:\/\/blogs2.correiobraziliense.com.br\/vicente\/wp-json\/wp\/v2\/posts\/21439","targetHints":{"allow":["GET"]}}],"collection":[{"href":"https:\/\/blogs2.correiobraziliense.com.br\/vicente\/wp-json\/wp\/v2\/posts"}],"about":[{"href":"https:\/\/blogs2.correiobraziliense.com.br\/vicente\/wp-json\/wp\/v2\/types\/post"}],"author":[{"embeddable":true,"href":"https:\/\/blogs2.correiobraziliense.com.br\/vicente\/wp-json\/wp\/v2\/users\/22"}],"replies":[{"embeddable":true,"href":"https:\/\/blogs2.correiobraziliense.com.br\/vicente\/wp-json\/wp\/v2\/comments?post=21439"}],"version-history":[{"count":7,"href":"https:\/\/blogs2.correiobraziliense.com.br\/vicente\/wp-json\/wp\/v2\/posts\/21439\/revisions"}],"predecessor-version":[{"id":21454,"href":"https:\/\/blogs2.correiobraziliense.com.br\/vicente\/wp-json\/wp\/v2\/posts\/21439\/revisions\/21454"}],"wp:featuredmedia":[{"embeddable":true,"href":"https:\/\/blogs2.correiobraziliense.com.br\/vicente\/wp-json\/wp\/v2\/media\/19927"}],"wp:attachment":[{"href":"https:\/\/blogs2.correiobraziliense.com.br\/vicente\/wp-json\/wp\/v2\/media?parent=21439"}],"wp:term":[{"taxonomy":"category","embeddable":true,"href":"https:\/\/blogs2.correiobraziliense.com.br\/vicente\/wp-json\/wp\/v2\/categories?post=21439"},{"taxonomy":"post_tag","embeddable":true,"href":"https:\/\/blogs2.correiobraziliense.com.br\/vicente\/wp-json\/wp\/v2\/tags?post=21439"}],"curies":[{"name":"wp","href":"https:\/\/api.w.org\/{rel}","templated":true}]}}