{"id":216,"date":"2015-10-08T00:01:00","date_gmt":"2015-10-08T03:01:00","guid":{"rendered":"https:\/\/blogs2.correiobraziliense.com.br\/vicente\/a_verdade_chegou\/"},"modified":"2015-10-08T00:01:00","modified_gmt":"2015-10-08T03:01:00","slug":"a_verdade_chegou","status":"publish","type":"post","link":"https:\/\/blogs2.correiobraziliense.com.br\/vicente\/a_verdade_chegou\/","title":{"rendered":"A VERDADE CHEGOU"},"content":{"rendered":"\n<p>A rejei\u00e7\u00e3o das contas de 2014 da presidente Dilma Rousseff pelo Tribunal de Contas da Uni\u00e3o (TCU) foi uma li\u00e7\u00e3o para o pa\u00eds. N\u00e3o apenas por refor\u00e7ar a independ\u00eancia da corte respons\u00e1vel por analisar as contas p\u00fablicas, mas por dar a dimens\u00e3o das barbaridades que a petista cometeu com um \u00fanico intuito: reeleger-se.  <\/p>\n<p>A sede de poder de Dilma e de seu partido, o PT, ultrapassou todos os limites do bom senso. Destruiu as bases da estabilidade. Espalhou uma onda de desconfian\u00e7a que resultar\u00e1 na maior recess\u00e3o do pa\u00eds em 80 anos. Ser\u00e3o pelo menos dois anos de queda do Produto Interno Bruto (PIB) regada a desemprego, infla\u00e7\u00e3o pr\u00f3xima de 10%, juros nas alturas e cr\u00e9dito escasso.&nbsp;At\u00e9 o \u00faltimo instante o governo acreditou que poderia recorrer a manobras para se safar. Assim como maquiou as contas p\u00fablicas, recorrendo \u00e0s pedaladas fiscais, acreditou que conseguiria inviabilizar o julgamento do TCU tentando desqualificar o relator do processo das contas de 2014, o ministro Augusto Nardes.  <\/p>\n<p>O trabalho t\u00e9cnico realizado pelo TCU foi perfeito. Mapeou, ponto a ponto, todos os artif\u00edcios usados pelo ent\u00e3o ministro da Fazenda, Guido Mantega, e o subordinado dele, Arno Augustin, ex-secret\u00e1rio do Tesouro Nacional, para esconder a gastan\u00e7a com o intuito de garantir a Dilma mais quatro anos no Pal\u00e1cio do Planalto.&nbsp;O TCU provou que o governo cometeu irregularidade de mais de R$ 100 bilh\u00f5es, dos quais R$ 40 bilh\u00f5es ao usar os bancos p\u00fablicos \u2014 Banco do Brasil, Caixa Econ\u00f4mica Federal e Banco Nacional de Desenvolvimento Econ\u00f4mico e Social (BNDES) \u2014 para pagar benef\u00edcio sociais e subs\u00eddios, as chamadas pedaladas fiscais. Dilma rasgou a Lei de Responsabilidade Fiscal (LRF), que imp\u00f4s limites aos abusos cometidos por gestores p\u00fablicos.&nbsp;O governo teve todo o tempo do mundo para se defender. Mas preferiu apostar na press\u00e3o para inviabilizar o julgamento do TCU. A arrog\u00e2ncia chegou a tal ponto que Dilma ordenou a tr\u00eas de seus ministros \u2014 Lu\u00eds In\u00e1cio Adams (advogado-geral da Uni\u00e3o), Jos\u00e9 Eduardo Cardozo (Justi\u00e7a) e Nelson Barbosa (Planejamento) \u2014 que dessem uma entrevista em pleno domingo para levantar \u201csuspei\u00e7\u00e3o\u201d em rela\u00e7\u00e3o a Nardes.&nbsp;Agora, Dilma est\u00e1 nas m\u00e3os do Congresso, mais precisamente nas do presidente do Senado, Renan Calheiros, e do da C\u00e2mara, Eduardo Cunha. A recomenda\u00e7\u00e3o do TCU para a rejei\u00e7\u00e3o das contas do governo de 2014 ter\u00e1 que ser votada pelo Congresso, onde se sabe que a situa\u00e7\u00e3o da petista \u00e9 muito ruim. O impeachment ficou mais pr\u00f3ximo.&nbsp;<b>Nas m\u00e3os de Renan e Cunha<\/b>&nbsp;Na \u00e2nsia de garantir o mandato, Dilma entregou parte do governo a uma ala nada confi\u00e1vel do PMDB. Com a b\u00ean\u00e7\u00e3o do ex-presidente Lula, ela acreditou que os tempos de dificuldades ficariam para tr\u00e1s e que o caminho at\u00e9 o fim de 2018 estaria pavimentado. Pois n\u00e3o foi preciso nem uma semana para perceber que a petista est\u00e1 mais fraca do que nunca.&nbsp;Nem mesmo vendendo a alma ao diabo ela conseguiu o apoio que precisa no Congresso para levar adiante vota\u00e7\u00f5es que poderiam dar um respiro ao governo. A decis\u00e3o sobre os vetos presidenciais foi adiada mais uma vez e o ajuste fiscal prometido pelo ministro da Fazenda, Joaquim Levy, est\u00e1 se tornando uma miragem.&nbsp;Mesmo ciente da derrota iminente no TCU, Dilma tentou passar otimismo. Disse ver uma luz no fim do t\u00fanel para as crises pol\u00edtica e econ\u00f4mica que maltratam o pa\u00eds e assegurou que n\u00e3o se aterroriza diante de dificuldades. Mas a verdade \u00e9 que o prolongamento da agonia do governo impor\u00e1 custos ainda maiores \u00e0 economia.&nbsp;Como nada do prometido pelo governo para botar ordem na casa foi entregue e o risco do impeachment de Dilma aumentou, as incertezas se multiplicam. A tend\u00eancia \u00e9 de que a recess\u00e3o se aprofunde e prolongue o sofrimento das fam\u00edlias, que est\u00e3o vendo boa parte de seus integrantes perderem o emprego.&nbsp;<b>Pessimismo do com\u00e9rcio<\/b>&nbsp;Entre os empres\u00e1rios, a agonia \u00e9 grande. N\u00e3o \u00e9 poss\u00edvel olhar uma semana adiante para planejar os neg\u00f3cios. N\u00e3o por acaso, o \u00cdndice de Confian\u00e7a do Empres\u00e1rio do Com\u00e9rcio (Icei) registrou, em setembro, a 11\u00aa queda mensal em 12 meses. O dado, que ser\u00e1 divulgado hoje pela Confedera\u00e7\u00e3o Nacional do Com\u00e9rcio (CNC), mostra que as crises econ\u00f4mica e pol\u00edtica tornaram o ambiente hostil. N\u00e3o h\u00e1 qualquer perspectiva de recupera\u00e7\u00e3o \u00e0 vista.&nbsp;Dos nove componentes do Icei, oito est\u00e3o no n\u00edvel mais baixo da s\u00e9rie hist\u00f3rica iniciada em 2011. Tanto as percep\u00e7\u00f5es presentes da economia quanto as futuras se deterioraram. Na opini\u00e3o de 93,9% dos empres\u00e1rios, a situa\u00e7\u00e3o est\u00e1 pior do que no ano passado, quando o governo usava os artif\u00edcios cont\u00e1beis e as pedaladas fiscais para criar uma falsa sensa\u00e7\u00e3o de bem-estar social. Mas a farra acabou. O Brasil caiu na real. E Dilma ter\u00e1 que prestar contas \u00e0 verdade. O TCU s\u00f3 foi o instrumento para se revelar a principal raz\u00e3o de o pa\u00eds estar \u00e0 beira do precip\u00edcio. <\/p>\n<p><i>Bras\u00edlia, 00h01min<\/i>   <\/p>\n","protected":false},"excerpt":{"rendered":"<p>A rejei\u00e7\u00e3o das contas de 2014 da presidente Dilma Rousseff pelo Tribunal de Contas da Uni\u00e3o (TCU) foi uma li\u00e7\u00e3o para o pa\u00eds. N\u00e3o apenas por refor\u00e7ar a independ\u00eancia da corte respons\u00e1vel por analisar as contas p\u00fablicas, mas por dar a dimens\u00e3o das barbaridades que a petista cometeu com um \u00fanico intuito: reeleger-se. A sede [&hellip;]<\/p>\n","protected":false},"author":22,"featured_media":0,"comment_status":"open","ping_status":"open","sticky":false,"template":"","format":"standard","meta":{"wpb_read_more":[],"footnotes":""},"categories":[1],"tags":[],"class_list":["post-216","post","type-post","status-publish","format-standard","hentry","category-sem-categoria"],"_links":{"self":[{"href":"https:\/\/blogs2.correiobraziliense.com.br\/vicente\/wp-json\/wp\/v2\/posts\/216","targetHints":{"allow":["GET"]}}],"collection":[{"href":"https:\/\/blogs2.correiobraziliense.com.br\/vicente\/wp-json\/wp\/v2\/posts"}],"about":[{"href":"https:\/\/blogs2.correiobraziliense.com.br\/vicente\/wp-json\/wp\/v2\/types\/post"}],"author":[{"embeddable":true,"href":"https:\/\/blogs2.correiobraziliense.com.br\/vicente\/wp-json\/wp\/v2\/users\/22"}],"replies":[{"embeddable":true,"href":"https:\/\/blogs2.correiobraziliense.com.br\/vicente\/wp-json\/wp\/v2\/comments?post=216"}],"version-history":[{"count":0,"href":"https:\/\/blogs2.correiobraziliense.com.br\/vicente\/wp-json\/wp\/v2\/posts\/216\/revisions"}],"wp:attachment":[{"href":"https:\/\/blogs2.correiobraziliense.com.br\/vicente\/wp-json\/wp\/v2\/media?parent=216"}],"wp:term":[{"taxonomy":"category","embeddable":true,"href":"https:\/\/blogs2.correiobraziliense.com.br\/vicente\/wp-json\/wp\/v2\/categories?post=216"},{"taxonomy":"post_tag","embeddable":true,"href":"https:\/\/blogs2.correiobraziliense.com.br\/vicente\/wp-json\/wp\/v2\/tags?post=216"}],"curies":[{"name":"wp","href":"https:\/\/api.w.org\/{rel}","templated":true}]}}