{"id":218,"date":"2015-10-14T05:01:00","date_gmt":"2015-10-14T08:01:00","guid":{"rendered":"https:\/\/blogs2.correiobraziliense.com.br\/vicente\/descaso_da_previdencia\/"},"modified":"2015-10-14T05:01:00","modified_gmt":"2015-10-14T08:01:00","slug":"descaso_da_previdencia","status":"publish","type":"post","link":"https:\/\/blogs2.correiobraziliense.com.br\/vicente\/descaso_da_previdencia\/","title":{"rendered":"DESCASO DA PREVID\u00caNCIA"},"content":{"rendered":"<p><i> <\/p>\n<p><\/i>\u00bb Os servidores do Instituto Nacional do Seguro Social (INSS) dizem que encerraram a greve, mas o atendimento ao p\u00fablico continua um caos, extremamente desrespeitoso. A situa\u00e7\u00e3o merece uma interven\u00e7\u00e3o en\u00e9rgica da Justi\u00e7a. <\/p>\n<p><i>Bras\u00edlia, 05h01min<\/i> <\/p>\n<p><i><\/i><i><\/i>   <\/p>\n","protected":false},"excerpt":{"rendered":"<p>\u00bb Os servidores do Instituto Nacional do Seguro Social (INSS) dizem que encerraram a greve, mas o atendimento ao p\u00fablico continua um caos, extremamente desrespeitoso. A situa\u00e7\u00e3o merece uma interven\u00e7\u00e3o en\u00e9rgica da Justi\u00e7a. Bras\u00edlia, 05h01min<\/p>\n","protected":false},"author":22,"featured_media":0,"comment_status":"open","ping_status":"open","sticky":false,"template":"","format":"standard","meta":{"wpb_read_more":[],"footnotes":""},"categories":[1],"tags":[],"class_list":["post-218","post","type-post","status-publish","format-standard","hentry","category-sem-categoria"],"_links":{"self":[{"href":"https:\/\/blogs2.correiobraziliense.com.br\/vicente\/wp-json\/wp\/v2\/posts\/218","targetHints":{"allow":["GET"]}}],"collection":[{"href":"https:\/\/blogs2.correiobraziliense.com.br\/vicente\/wp-json\/wp\/v2\/posts"}],"about":[{"href":"https:\/\/blogs2.correiobraziliense.com.br\/vicente\/wp-json\/wp\/v2\/types\/post"}],"author":[{"embeddable":true,"href":"https:\/\/blogs2.correiobraziliense.com.br\/vicente\/wp-json\/wp\/v2\/users\/22"}],"replies":[{"embeddable":true,"href":"https:\/\/blogs2.correiobraziliense.com.br\/vicente\/wp-json\/wp\/v2\/comments?post=218"}],"version-history":[{"count":0,"href":"https:\/\/blogs2.correiobraziliense.com.br\/vicente\/wp-json\/wp\/v2\/posts\/218\/revisions"}],"wp:attachment":[{"href":"https:\/\/blogs2.correiobraziliense.com.br\/vicente\/wp-json\/wp\/v2\/media?parent=218"}],"wp:term":[{"taxonomy":"category","embeddable":true,"href":"https:\/\/blogs2.correiobraziliense.com.br\/vicente\/wp-json\/wp\/v2\/categories?post=218"},{"taxonomy":"post_tag","embeddable":true,"href":"https:\/\/blogs2.correiobraziliense.com.br\/vicente\/wp-json\/wp\/v2\/tags?post=218"}],"curies":[{"name":"wp","href":"https:\/\/api.w.org\/{rel}","templated":true}]}}