{"id":219,"date":"2015-10-14T07:01:00","date_gmt":"2015-10-14T10:01:00","guid":{"rendered":"https:\/\/blogs2.correiobraziliense.com.br\/vicente\/boatos_contra_tombini_com_aval_de_levy\/"},"modified":"2015-10-14T07:01:00","modified_gmt":"2015-10-14T10:01:00","slug":"boatos_contra_tombini_com_aval_de_levy","status":"publish","type":"post","link":"https:\/\/blogs2.correiobraziliense.com.br\/vicente\/boatos_contra_tombini_com_aval_de_levy\/","title":{"rendered":"BOATOS CONTRA TOMBINI COM AVAL DE LEVY"},"content":{"rendered":"\n<p>\u00bb O Banco Central j\u00e1 identificou a origem dos rumores de que o presidente da institui\u00e7\u00e3o, Alexandre Tombini, estaria demission\u00e1rio. Todos os boatos sa\u00edram do Minist\u00e9rio do Fazenda, com o aval de Joaquim Levy.<b> <\/p>\n<p>BC ficou mais fraco<\/b> <\/p>\n<p>\u00bb O que assessores de Tombini se perguntam \u00e9 o que a Fazenda ganhou ao criar instabilidade nos mercados, pois enfraqueceu o BC num momento conturbad\u00edssimo, de rebaixamento do pa\u00eds pela Standard &amp; Poor\u2019s.<b> <\/p>\n<p>Fazenda soberana<\/b> <\/p>\n<p>\u00bb Levy e seus assessores tamb\u00e9m s\u00e3o mestres em espalhar not\u00edcias sobre as rela\u00e7\u00f5es nada amig\u00e1veis com o Minist\u00e9rio do Planejamento. O objetivo \u00e9 fazer prevalecer a vis\u00e3o do ministro da Fazenda. <\/p>\n<p><i>Bras\u00edlia, 07h01min<\/i> <\/p>\n","protected":false},"excerpt":{"rendered":"<p>\u00bb O Banco Central j\u00e1 identificou a origem dos rumores de que o presidente da institui\u00e7\u00e3o, Alexandre Tombini, estaria demission\u00e1rio. Todos os boatos sa\u00edram do Minist\u00e9rio do Fazenda, com o aval de Joaquim Levy. BC ficou mais fraco \u00bb O que assessores de Tombini se perguntam \u00e9 o que a Fazenda ganhou ao criar instabilidade [&hellip;]<\/p>\n","protected":false},"author":22,"featured_media":0,"comment_status":"open","ping_status":"open","sticky":false,"template":"","format":"standard","meta":{"wpb_read_more":[],"footnotes":""},"categories":[1],"tags":[],"class_list":["post-219","post","type-post","status-publish","format-standard","hentry","category-sem-categoria"],"_links":{"self":[{"href":"https:\/\/blogs2.correiobraziliense.com.br\/vicente\/wp-json\/wp\/v2\/posts\/219","targetHints":{"allow":["GET"]}}],"collection":[{"href":"https:\/\/blogs2.correiobraziliense.com.br\/vicente\/wp-json\/wp\/v2\/posts"}],"about":[{"href":"https:\/\/blogs2.correiobraziliense.com.br\/vicente\/wp-json\/wp\/v2\/types\/post"}],"author":[{"embeddable":true,"href":"https:\/\/blogs2.correiobraziliense.com.br\/vicente\/wp-json\/wp\/v2\/users\/22"}],"replies":[{"embeddable":true,"href":"https:\/\/blogs2.correiobraziliense.com.br\/vicente\/wp-json\/wp\/v2\/comments?post=219"}],"version-history":[{"count":0,"href":"https:\/\/blogs2.correiobraziliense.com.br\/vicente\/wp-json\/wp\/v2\/posts\/219\/revisions"}],"wp:attachment":[{"href":"https:\/\/blogs2.correiobraziliense.com.br\/vicente\/wp-json\/wp\/v2\/media?parent=219"}],"wp:term":[{"taxonomy":"category","embeddable":true,"href":"https:\/\/blogs2.correiobraziliense.com.br\/vicente\/wp-json\/wp\/v2\/categories?post=219"},{"taxonomy":"post_tag","embeddable":true,"href":"https:\/\/blogs2.correiobraziliense.com.br\/vicente\/wp-json\/wp\/v2\/tags?post=219"}],"curies":[{"name":"wp","href":"https:\/\/api.w.org\/{rel}","templated":true}]}}