{"id":22,"date":"2015-01-21T00:04:00","date_gmt":"2015-01-21T02:04:00","guid":{"rendered":"https:\/\/blogs2.correiobraziliense.com.br\/vicente\/a_inflacao_de_levy\/"},"modified":"2015-01-21T00:04:00","modified_gmt":"2015-01-21T02:04:00","slug":"a_inflacao_de_levy","status":"publish","type":"post","link":"https:\/\/blogs2.correiobraziliense.com.br\/vicente\/a_inflacao_de_levy\/","title":{"rendered":"A INFLA\u00c7\u00c3O DE LEVY"},"content":{"rendered":"\n<p>O choque de realidade que o governo est\u00e1 dando nos brasileiros ter\u00e1 a primeira medi\u00e7\u00e3o na sexta-feira, quando o Instituto Brasileiro de Geografia e Estat\u00edstica (IBGE) divulgar\u00e1 o IPCA-15, a pr\u00e9via do \u00edndice oficial de infla\u00e7\u00e3o. As apostas s\u00e3o de que a taxa ficar\u00e1 entre 0,9% e 1%, n\u00fameros que n\u00e3o se v\u00ea para meses de janeiro em mais de tr\u00eas anos. <\/p>\n<p>O IPCA-15 j\u00e1 incorporar\u00e1 os reajustes das passagens de \u00f4nibus nas principais capitais do pa\u00eds e parte dos aumentos das tarifas de energia el\u00e9trica. O \u00edndice fechado do m\u00eas ser\u00e1, por\u00e9m, bem maior, acredita o economista-chefe do Banco Fibra, Cristiano Oliveira. Pelas contas dele, o primeiro IPCA de Joaquim Levy \u00e0 frente do Minist\u00e9rio da Fazenda chegar\u00e1 a 1,2%. Com isso, a infla\u00e7\u00e3o acumulada em 12 meses ficar\u00e1 muito pr\u00f3xima dos 7%. <\/p>\n<p>\u201cN\u00e3o h\u00e1 d\u00favidas de que o custo de vida em janeiro ser\u00e1 muito elevado, puxado, sobretudo, pelas tarifas p\u00fablicas. E n\u00e3o ser\u00e1 diferente em fevereiro, quando o IPCA ser\u00e1 influenciado pelo grupo educa\u00e7\u00e3o e, claro, pelos combust\u00edveis\u201d, ressalta Oliveira. \u201cCom isso, apenas nos dois primeiros meses de 2015 teremos infla\u00e7\u00e3o superior a 2%, ou seja, quase a metade do centro da meta, de 4,5%, definida pelo governo para todo o ano\u201d, acrescenta. <\/p>\n<p>A carestia \u00e9 reflexo da arruma\u00e7\u00e3o de casa que o governo Dilma Rousseff est\u00e1 sendo obrigado a fazer para tentar reconstruir a confian\u00e7a de investidores e empres\u00e1rios. Sem a retomada dos investimentos produtivos, n\u00e3o h\u00e1 como o pa\u00eds sair do atoleiro em que se encontra. S\u00e3o grandes as chances de o Brasil mergulhar na recess\u00e3o nos pr\u00f3ximos meses. Mas a aposta de Levy \u00e9 de que, \u00e0 medida que os resultados do ajuste fiscal forem aparecendo, o humor dos donos do dinheiro mudar\u00e1. <\/p>\n<p>Nos c\u00e1lculos do Banco Santander, mesmo que o governo entregue o que prometeu em termos de meta de superavit prim\u00e1rio \u2014 1,2% do PIB \u2014, a retomada do Produto Interno Bruto (PIB) ser\u00e1 muito lenta. A aposta da institui\u00e7\u00e3o espanhola \u00e9 de que o crescimento deste ano, n\u00e3o considerando a hip\u00f3tese de racionamento de energia el\u00e9trica, ficar\u00e1 em apenas 0,3%. Em 2016, quando Levy e o Banco Central esperam ver a infla\u00e7\u00e3o caminhando para o centro da meta, ser\u00e1 poss\u00edvel a economia cravar alta de 1,3%. <\/p>\n<p>Ningu\u00e9m descarta, contudo, a possibilidade de o pa\u00eds registrar tr\u00eas anos perdidos em termos de crescimento \u2014 2014, 2015 e 2016. Ser\u00e1 uma sequ\u00eancia de taxas de expans\u00e3o pr\u00f3ximas de zero sem precedentes nos \u00faltimos 30 anos. \u201cA ordem dentro do governo \u00e9 para mantermos o otimismo. N\u00e3o \u00e9 poss\u00edvel que, depois de anunciarmos tantas medidas impopulares, como o aumento da energia el\u00e9trica e as restri\u00e7\u00f5es a benef\u00edcios sociais, a credibilidade da pol\u00edtica econ\u00f4mica continue no ch\u00e3o. Investidores e empres\u00e1rios v\u00e3o se render ao pragmatismo do governo, cedo ou tarde\u201d, diz um ministro com bom tr\u00e2nsito no Pal\u00e1cio do Planalto. <\/p>\n<p><b>Dilma aprende a ouvir<\/b> <\/p>\n<p>Apesar do sil\u00eancio estrat\u00e9gico sobre a economia \u2014 desde que tomou posse, n\u00e3o emitiu uma palavra em p\u00fablico \u2014, Dilma Rousseff vem acompanhando todas as repercuss\u00f5es das medidas anunciadas pelo governo. Nada tem escapado do seu crivo. A chefe do Executivo tem conversado sistematicamente com integrantes da equipe econ\u00f4mica em busca de retorno de empres\u00e1rios e investidores. E, para espanto de muitos, ao contr\u00e1rio dos \u00faltimos quatro anos, ela vem mostrando mais disposi\u00e7\u00e3o para ouvir. <\/p>\n<p><b>Lula teme aloprados<\/b> <\/p>\n<p>\u00bb A interlocutores mais pr\u00f3ximos, o ex-presidente Lula tem se mostrado radiante com a brusca mudan\u00e7a de Dilma Rousseff. Acredita que, enfim, a petista admitiu os erros cometidos no primeiro mandato. Lula ressalva, por\u00e9m, que ser\u00e1 preciso esperar um pouco mais para ver at\u00e9 onde vai o pragmatismo da sucessora. N\u00e3o se pode esquecer, por\u00e9m, que ela est\u00e1 cercada de aloprados.<b> <\/p>\n<p><\/b><b>Confian\u00e7a de Tombini<\/b> <\/p>\n<p>\u00bb O presidente do Banco Central, Alexandre Tombini, transmitiu tranquilidade para a presidente Dilma em rela\u00e7\u00e3o \u00e0 infla\u00e7\u00e3o. Garantiu que, neste primeiro momento, realmente o custo de vida dar\u00e1 um salto, estimulando rea\u00e7\u00f5es fortes contra o governo. Mas garantiu que, passado o impacto dos ajustes, o IPCA come\u00e7ar\u00e1 a convergir para o centro da meta e os cr\u00edticos v\u00e3o se calar. <\/p>\n<p><b>Aval do mercado<\/b> <\/p>\n<p>\u00bb Investidores mais otimistas ajudaram a derrubar as taxas de juros nos mercados futuros. Todos os contratos com vencimento mais longos apresentaram queda, indicando que, com o ajuste fiscal anunciado por Joaquim Levy, o Banco Central ter\u00e1 mais facilidade para retomar o controle da infla\u00e7\u00e3o. H\u00e1, inclusive, quem j\u00e1 aposte em corte na taxa b\u00e1sica (Selic) ao longo de 2016.<b> <\/p>\n<p><\/b><b>Copom mais contido<\/b> <\/p>\n<p>\u00bb O economista-chefe da Gradual Investimentos, Andr\u00e9 Perfeito, acredita que o Comit\u00ea de Pol\u00edtica Monet\u00e1ria (Copom) surpreender\u00e1 o mercado hoje e aumentar\u00e1 os juros em apenas 0,25 ponto percentual, para 12% ao ano. Essa taxa, diz ele, ser\u00e1 mantida inalterada at\u00e9 o fim de 2015. <\/p>\n<p><b>Diverg\u00eancia do racionamento<\/b> <\/p>\n<p>\u00bb T\u00e9cnicos do Minist\u00e9rio de Minas e Energia acreditam ser exagerada a proje\u00e7\u00e3o de que um poss\u00edvel racionamento possa tirar entre 1% e 2% do PIB. Para eles, mesmo que o governo opte por \u201cracionalizar energia\u201d, o impacto negativo na economia ser\u00e1 entre 0,5% e 0,8%, na pior das hip\u00f3teses. <\/p>\n<p><b>Sequ\u00eancia de bobagens<\/b> <\/p>\n<p>\u00bb \u00c9 inacredit\u00e1vel a incapacidade do governo de lidar com a crise energ\u00e9tica. A cada vez que o ministro de Minas e Energia, Eduardo Braga, e o diretor-geral do Operador Nacional do Sistema (ONS), Hermes Chipp, abrem a boca, as d\u00favidas sobre a real situa\u00e7\u00e3o do setor el\u00e9trico s\u00f3 aumentam. Pobres brasileiros.<i> <\/p>\n<p><\/i><i>Bras\u00edlia,00h04min<\/i> <\/p>\n","protected":false},"excerpt":{"rendered":"<p>O choque de realidade que o governo est\u00e1 dando nos brasileiros ter\u00e1 a primeira medi\u00e7\u00e3o na sexta-feira, quando o Instituto Brasileiro de Geografia e Estat\u00edstica (IBGE) divulgar\u00e1 o IPCA-15, a pr\u00e9via do \u00edndice oficial de infla\u00e7\u00e3o. As apostas s\u00e3o de que a taxa ficar\u00e1 entre 0,9% e 1%, n\u00fameros que n\u00e3o se v\u00ea para meses [&hellip;]<\/p>\n","protected":false},"author":22,"featured_media":0,"comment_status":"open","ping_status":"open","sticky":false,"template":"","format":"standard","meta":{"wpb_read_more":[],"footnotes":""},"categories":[1],"tags":[],"class_list":["post-22","post","type-post","status-publish","format-standard","hentry","category-sem-categoria"],"_links":{"self":[{"href":"https:\/\/blogs2.correiobraziliense.com.br\/vicente\/wp-json\/wp\/v2\/posts\/22","targetHints":{"allow":["GET"]}}],"collection":[{"href":"https:\/\/blogs2.correiobraziliense.com.br\/vicente\/wp-json\/wp\/v2\/posts"}],"about":[{"href":"https:\/\/blogs2.correiobraziliense.com.br\/vicente\/wp-json\/wp\/v2\/types\/post"}],"author":[{"embeddable":true,"href":"https:\/\/blogs2.correiobraziliense.com.br\/vicente\/wp-json\/wp\/v2\/users\/22"}],"replies":[{"embeddable":true,"href":"https:\/\/blogs2.correiobraziliense.com.br\/vicente\/wp-json\/wp\/v2\/comments?post=22"}],"version-history":[{"count":0,"href":"https:\/\/blogs2.correiobraziliense.com.br\/vicente\/wp-json\/wp\/v2\/posts\/22\/revisions"}],"wp:attachment":[{"href":"https:\/\/blogs2.correiobraziliense.com.br\/vicente\/wp-json\/wp\/v2\/media?parent=22"}],"wp:term":[{"taxonomy":"category","embeddable":true,"href":"https:\/\/blogs2.correiobraziliense.com.br\/vicente\/wp-json\/wp\/v2\/categories?post=22"},{"taxonomy":"post_tag","embeddable":true,"href":"https:\/\/blogs2.correiobraziliense.com.br\/vicente\/wp-json\/wp\/v2\/tags?post=22"}],"curies":[{"name":"wp","href":"https:\/\/api.w.org\/{rel}","templated":true}]}}