{"id":220,"date":"2015-10-14T09:02:00","date_gmt":"2015-10-14T12:02:00","guid":{"rendered":"https:\/\/blogs2.correiobraziliense.com.br\/vicente\/salve-se_quem_puder\/"},"modified":"2015-10-14T09:02:00","modified_gmt":"2015-10-14T12:02:00","slug":"salve-se_quem_puder","status":"publish","type":"post","link":"https:\/\/blogs2.correiobraziliense.com.br\/vicente\/salve-se_quem_puder\/","title":{"rendered":"SALVE-SE QUEM PUDER"},"content":{"rendered":"\n<p>A crise pol\u00edtica que est\u00e1 devastando a economia vai ampliar o atoleiro no qual o pa\u00eds se meteu. Com o governo totalmente voltado para evitar o impeachment da presidente Dilma Rousseff e o Congresso em p\u00e9 de guerra em rela\u00e7\u00e3o ao tema, s\u00e3o remotas as chances de o ajuste fiscal ser aprovado neste ano. Desiludida, a equipe econ\u00f4mica j\u00e1 admite que o Brasil poder\u00e1 ter tr\u00eas anos de deficit nas contas p\u00fablicas \u2014 2014, 2015 e 2016 \u2014, e o rebaixamento por mais uma ag\u00eancia de classifica\u00e7\u00e3o de risco \u2014 provavelmente, a Moody\u2019s \u2014 vir\u00e1 mais cedo do que se imaginava. <\/p>\n<p>A sensa\u00e7\u00e3o que se tem na Esplanada \u00e9 de que se instalou nos gabinetes de Bras\u00edlia o salve-se quem puder. N\u00e3o h\u00e1 mais nenhuma preocupa\u00e7\u00e3o com os rumos da economia. A prioridade, tanto no comando do Pal\u00e1cio do Planalto quanto no Legislativo, \u00e9 garantir o mandato. O que vier depois \u00e9 lucro. Para a popula\u00e7\u00e3o, no entanto, est\u00e1 se entrando no pior dos mundos, um tempo de incertezas que vai agravar a recess\u00e3o, ampliar o desemprego, elevar a infla\u00e7\u00e3o e obrigar o Banco Central a manter os juros nas alturas por um prazo mais longo do que o desejado. <\/p>\n<p>A decis\u00e3o do Supremo Tribunal Federal (STF) de intervir no rito do processo de impeachment de Dilma na C\u00e2mara deu \u00e2nimo ao governo, sobretudo por indicar um rumo que vai al\u00e9m das vontades do presidente da C\u00e2mara dos Deputados, Eduardo Cunha. Mas, apesar da lucidez que imp\u00f4s ao caso, o STF colocou o debate sobre o afastamento da presidente da Rep\u00fablica na ordem do dia. Agora, n\u00e3o h\u00e1 mais d\u00favidas de que a petista pode, sim, perder o mandato. N\u00e3o se trata mais apenas de um desejo da oposi\u00e7\u00e3o ou de vingan\u00e7a de Cunha. <\/p>\n<p>Mas, que fique claro: quanto mais demorar a decis\u00e3o sobre o impeachment, maior ser\u00e1 o estrago na economia. Entre os empres\u00e1rios, a ordem \u00e9 suspender qualquer transa\u00e7\u00e3o que implique riscos demasiados. A justificativa \u00e9 de que, qualquer que seja o desfecho, o resultado ser\u00e1 turbulento. Mantida no Planalto, Dilma ser\u00e1 um fantasma, n\u00e3o ter\u00e1 condi\u00e7\u00f5es de aprovar nada que possa resultar em um ajuste efetivo das contas p\u00fablicas. No m\u00e1ximo, conseguir\u00e1 p\u00f4r em pr\u00e1tica remendos que v\u00e3o manter a desconfian\u00e7a e adiar a retomada do crescimento. Caso a presidente seja afastada do poder, n\u00e3o se sabe quem ser\u00e1 o sucessor, nem se ele ter\u00e1 for\u00e7a suficiente para construir apoio no Congresso e reverter o pessimismo que maltrata a economia. <\/p>\n<p><b>Combina\u00e7\u00e3o perversa<\/b> <\/p>\n<p>Havia a esperan\u00e7a dentro do governo de que as proje\u00e7\u00f5es para o ritmo da atividade e a infla\u00e7\u00e3o parariam de piorar depois da apresenta\u00e7\u00e3o do pacote fiscal para cobrir o rombo de R$ 30,5 bilh\u00f5es previsto no Or\u00e7amento de 2016 e ainda garantir superavit prim\u00e1rio de 0,7% do Produto Interno Bruto (PIB). Mas, passado um m\u00eas do an\u00fancio, nada avan\u00e7ou. Tudo ainda \u00e9 promessa. Resultado: o consenso do mercado j\u00e1 \u00e9 de retra\u00e7\u00e3o econ\u00f4mica de 3% neste ano e de 1,2% no pr\u00f3ximo, e as proje\u00e7\u00f5es para o \u00cdndice de Pre\u00e7os ao Consumidor Amplo (IPCA) se descolaram do centro da meta, de 4,5%, at\u00e9 2018. <\/p>\n<p>\u201cA cada dia, damos um passo em dire\u00e7\u00e3o ao abismo\u201d, admite um graduado funcion\u00e1rio do governo. Ele ressalta que a administra\u00e7\u00e3o Dilma se resume a encontrar caminhos que permitam \u00e0 presidente encerrar o mandato. Portanto, aqueles que estavam esperando um sinal de sensatez emitido do Pal\u00e1cio do Planalto podem esquecer. E aos que ainda acreditam em promessas, restar\u00e1 o discurso do ministro da Fazenda, Joaquim Levy, que, como se sabe, est\u00e1 mais fraco do que nunca, funcionando como um enfeite num governo desastroso. <\/p>\n<p>Na avalia\u00e7\u00e3o de t\u00e9cnicos da equipe econ\u00f4mica, em meio ao caos, ser\u00e1 preciso um milagre para que o Congresso estenda as m\u00e3os a Dilma enquanto os holofotes estiverem sobre o impeachment. Sendo assim, os R$ 32 bilh\u00f5es esperados da CPMF est\u00e3o praticamente fora de cogita\u00e7\u00e3o, assim como o ajuste fiscal de curto e m\u00e9dio prazos. \u201cChega a ser ris\u00edvel ouvir o ministro Levy falando em reforma da Previd\u00eancia ou do ICMS. No quadro atual, isso \u00e9 motivo de piada\u201d, assinala um dos t\u00e9cnicos, que est\u00e1 h\u00e1 quase 30 anos na Esplanada e nunca viu tanta paralisia na administra\u00e7\u00e3o federal. <\/p>\n<p>Nada do que se est\u00e1 vendo, por\u00e9m, deve ser motivo de espanto. O empenho de Dilma e de sua equipe em destruir a economia e a governabilidade foi enorme. A combina\u00e7\u00e3o de arrog\u00e2ncia, incompet\u00eancia e corrup\u00e7\u00e3o n\u00e3o tinha como dar certo. A presidente transformou a gest\u00e3o do pa\u00eds em uma lojinha de R$ 1,99, recheada de manobras cont\u00e1beis, com o objetivo \u00fanico de manter o poder de seu partido, o PT. Ela pode at\u00e9 perder o mandato, mas \u00e9 a popula\u00e7\u00e3o que pagar\u00e1 a maior parte da conta. A cada minuto, sete pessoas est\u00e3o sendo demitidas no pa\u00eds. Muitas j\u00e1 n\u00e3o conseguem pagar contas b\u00e1sicas, como \u00e1gua e energia el\u00e9trica. Somente por isso, Dilma j\u00e1 faz parte da hist\u00f3ria que o Brasil quer esquecer. <\/p>\n<p><i>Bras\u00edlia, 09h05min<\/i>   <\/p>\n","protected":false},"excerpt":{"rendered":"<p>A crise pol\u00edtica que est\u00e1 devastando a economia vai ampliar o atoleiro no qual o pa\u00eds se meteu. Com o governo totalmente voltado para evitar o impeachment da presidente Dilma Rousseff e o Congresso em p\u00e9 de guerra em rela\u00e7\u00e3o ao tema, s\u00e3o remotas as chances de o ajuste fiscal ser aprovado neste ano. Desiludida, [&hellip;]<\/p>\n","protected":false},"author":22,"featured_media":0,"comment_status":"open","ping_status":"open","sticky":false,"template":"","format":"standard","meta":{"wpb_read_more":[],"footnotes":""},"categories":[1],"tags":[],"class_list":["post-220","post","type-post","status-publish","format-standard","hentry","category-sem-categoria"],"_links":{"self":[{"href":"https:\/\/blogs2.correiobraziliense.com.br\/vicente\/wp-json\/wp\/v2\/posts\/220","targetHints":{"allow":["GET"]}}],"collection":[{"href":"https:\/\/blogs2.correiobraziliense.com.br\/vicente\/wp-json\/wp\/v2\/posts"}],"about":[{"href":"https:\/\/blogs2.correiobraziliense.com.br\/vicente\/wp-json\/wp\/v2\/types\/post"}],"author":[{"embeddable":true,"href":"https:\/\/blogs2.correiobraziliense.com.br\/vicente\/wp-json\/wp\/v2\/users\/22"}],"replies":[{"embeddable":true,"href":"https:\/\/blogs2.correiobraziliense.com.br\/vicente\/wp-json\/wp\/v2\/comments?post=220"}],"version-history":[{"count":0,"href":"https:\/\/blogs2.correiobraziliense.com.br\/vicente\/wp-json\/wp\/v2\/posts\/220\/revisions"}],"wp:attachment":[{"href":"https:\/\/blogs2.correiobraziliense.com.br\/vicente\/wp-json\/wp\/v2\/media?parent=220"}],"wp:term":[{"taxonomy":"category","embeddable":true,"href":"https:\/\/blogs2.correiobraziliense.com.br\/vicente\/wp-json\/wp\/v2\/categories?post=220"},{"taxonomy":"post_tag","embeddable":true,"href":"https:\/\/blogs2.correiobraziliense.com.br\/vicente\/wp-json\/wp\/v2\/tags?post=220"}],"curies":[{"name":"wp","href":"https:\/\/api.w.org\/{rel}","templated":true}]}}