{"id":221,"date":"2015-10-15T08:43:00","date_gmt":"2015-10-15T11:43:00","guid":{"rendered":"https:\/\/blogs2.correiobraziliense.com.br\/vicente\/fora_levy\/"},"modified":"2015-10-15T08:43:00","modified_gmt":"2015-10-15T11:43:00","slug":"fora_levy","status":"publish","type":"post","link":"https:\/\/blogs2.correiobraziliense.com.br\/vicente\/fora_levy\/","title":{"rendered":"&#8220;FORA LEVY&#8221;"},"content":{"rendered":"\n<p>Na guerra do governo para preservar o mandato da presidente Dilma Rousseff vale-tudo, inclusive entregar a cabe\u00e7a do ministro da Fazenda, Joaquim Levy. Os discursos dos \u00faltimos dois dias da presidente Dilma Rousseff e do ex-presidente Lula deixaram claro que, se for preciso, o ajuste fiscal que o chefe da equipe econ\u00f4mica tanto defende ser\u00e1 defenestrado, ainda que, oficialmente, o governo n\u00e3o assuma que jogou a toalha.&nbsp;A estrat\u00e9gia do Pal\u00e1cio do Planalto para garantir a sobreviv\u00eancia de Dilma \u00e9 se aproximar dos movimentos sociais, mais precisamente das centrais sindicais, que t\u00eam forte capacidade de mobiliza\u00e7\u00e3o nas ruas. A presidente, sob a orienta\u00e7\u00e3o de Lula, acredita que, apoiada por representantes de trabalhadores, ostentar\u00e1 um importante contraponto ao Congresso, que se mostra propenso a abrir o processo de impeachment da petista.&nbsp;As centrais sindicais, no entanto, s\u00e3o contra o ajuste fiscal de Levy. Seus l\u00edderes refor\u00e7am apoio a qualquer a\u00e7\u00e3o do governo para manter Dilma no poder, mas ressalvam que n\u00e3o concordam com a pol\u00edtica de arrocho anunciada pelo ministro. A presidente est\u00e1 ciente dessas posi\u00e7\u00f5es \u2014 e n\u00e3o \u00e9 de hoje. At\u00e9 o impeachment se tornar uma possibilidade real, ela insistia, mesmo que timidamente, na import\u00e2ncia de se fazer o ajuste fiscal. Agora, n\u00e3o emite sequer uma palavra de apoio ao subordinado.&nbsp;Por lealdade ao ministro da Fazenda, era esperado que, ao participar do Congresso Nacional da Central \u00danica dos Trabalhadores (CUT), na noite de ter\u00e7a-feira, Dilma pelo menos o defendesse. Mas, desde que chegou ao evento, com mais de 2,5 mil participantes, optou pelo sil\u00eancio em resposta a todas as queixas contra as propostas de Levy para ajustar as contas p\u00fablicas. A presidente s\u00f3 queria uma coisa: atacar aqueles que defendem o fim de seu governo.&nbsp;Dilma foi ovacionada, mas, com os gritos de apoio, ouviu um coro de \u201cfora Levy\u201d, que se repetiu com mais for\u00e7a ao longo do pronunciamento de Lula. O ex-presidente, por\u00e9m, aproveitou a gritaria para insuflar os sindicalistas contra o ministro. Como nas propagandas enganosas do PT que ajudaram a reeleger a petista no ano passado, Lula disse, sem constrangimento, que \u201cn\u00e3o h\u00e1 pa\u00eds no mundo que tenha feito ajuste fiscal e melhorado\u201d.&nbsp;<b>Propaganda enganosa<\/b>&nbsp;Para n\u00e3o ser agressivo ao afirmar que o ex-presidente mentiu, vamos dizer que ele anda com a mem\u00f3ria muito, mas muito curta. Quando tomou posse para o primeiro mandato, em janeiro de 2003, Lula tratou de p\u00f4r em pr\u00e1tica um dos mais duros ajustes fiscais da hist\u00f3ria do pa\u00eds. Com a Fazenda sob o comando de Antonio Palocci, aumentou o superavit prim\u00e1rio (economia para o pagamento de juros da d\u00edvida) para mais de 4% do Produto Interno Bruto (PIB).&nbsp;O arrocho foi t\u00e3o forte, com o intuito de dar um choque de credibilidade, que o Brasil mergulhou na recess\u00e3o. Mas seis meses depois, a economia j\u00e1 mostrava rea\u00e7\u00e3o. O compromisso com a austeridade trouxe de volta a confian\u00e7a dos agentes econ\u00f4micos e, com ela, os investimentos produtivos. A infla\u00e7\u00e3o desabou e o Banco Central deu in\u00edcio a um longo processo de redu\u00e7\u00e3o da taxa b\u00e1sica de juros (Selic).&nbsp;Com a estabilidade econ\u00f4mica fincada sobre os refor\u00e7ados trip\u00e9s \u2014 ajuste fiscal, c\u00e2mbio flutuante e metas de infla\u00e7\u00e3o \u2014, o pa\u00eds deu in\u00edcio a um importante ciclo de crescimento. Nesse ambiente extremamente favor\u00e1vel, Lula pode executar o maior programa de distribui\u00e7\u00e3o de renda da hist\u00f3ria do pa\u00eds. Nada disso, por\u00e9m, seria poss\u00edvel se n\u00e3o tivesse havido um comprometimento concreto com a sustentabilidade das contas p\u00fablicas e com o controle da infla\u00e7\u00e3o.&nbsp;Caso Lula tivesse seguido a cartilha do PT, que ele rasgou durante a campanha de 2002, ao lan\u00e7ar a \u201cCarta ao povo brasileiro\u201d, certamente n\u00e3o teria terminado o primeiro mandato, abalado pelas den\u00fancias do mensal\u00e3o. Naquele momento, a sensa\u00e7\u00e3o de bem-estar da popula\u00e7\u00e3o era t\u00e3o grande \u2014 a infla\u00e7\u00e3o de 2006 ficou ligeiramente acima de 3% \u2014, que o apoio popular garantiu mais quatro anos ao petista no Pal\u00e1cio do Planalto, mesmo sabendo que a corrup\u00e7\u00e3o que havia se instalado no governo era de dimens\u00f5es continentais.&nbsp;<b>Populismo<\/b>&nbsp;Agora, na vis\u00e3o de Lula, Dilma deve se apegar ao antigo pensamento petista para se manter no poder. E isso passa, necessariamente, por jogar no lixo o ajuste fiscal defendido por Levy. Mas justi\u00e7a seja feita: desde o segundo mandato de Lula, o pensamento equivocado do PT vem ditando a pol\u00edtica econ\u00f4mica do governo. E ganhou musculatura quando Dilma chegou ao Planalto e adotou a nova matriz econ\u00f4mica, a base do desastre que o pa\u00eds vive hoje.&nbsp;Para Carlos Thadeu de Freitas Gomes, economista-chefe da Confedera\u00e7\u00e3o Nacional do Com\u00e9rcio (CNC), o que se v\u00ea \u00e9 um retrato do populismo que amea\u00e7a o Brasil e est\u00e1 custando car\u00edssimo para a popula\u00e7\u00e3o. \u201cO governo finge que faz um ajuste fiscal, s\u00f3 que ningu\u00e9m acredita. Com isso, a economia est\u00e1 travada, a infla\u00e7\u00e3o continua alta, o que obriga o Banco Central a manter os juros elevados por um tempo muito longo\u201d, diz. A fatura vai al\u00e9m: os juros altos fazem as contas p\u00fablicas piorarem e a d\u00edvida do Tesouro Nacional atingir n\u00edveis alarmantes.&nbsp;Mas o que isso importa para Dilma e seu criador, Lula? Para eles, o que vale mesmo \u00e9 manter a estrutura de poder, mesmo em um pa\u00eds quebrado. Ainda que de joelhos, o Brasil \u00e9 um fil\u00e3o e tanto para grupos espec\u00edficos que querem usufruir de benesses. H\u00e1 muito o que sugar. A popula\u00e7\u00e3o? Bem, ela que se contente com desemprego, carestia, sal\u00e1rios em queda, filhos tendo que trocar escolas particulares por col\u00e9gios p\u00fablicos que nem aula t\u00eam. <\/p>\n<p><i>Bras\u00edlia, 08h45min<\/i>   <\/p>\n","protected":false},"excerpt":{"rendered":"<p>Na guerra do governo para preservar o mandato da presidente Dilma Rousseff vale-tudo, inclusive entregar a cabe\u00e7a do ministro da Fazenda, Joaquim Levy. Os discursos dos \u00faltimos dois dias da presidente Dilma Rousseff e do ex-presidente Lula deixaram claro que, se for preciso, o ajuste fiscal que o chefe da equipe econ\u00f4mica tanto defende ser\u00e1 [&hellip;]<\/p>\n","protected":false},"author":22,"featured_media":0,"comment_status":"open","ping_status":"open","sticky":false,"template":"","format":"standard","meta":{"wpb_read_more":[],"footnotes":""},"categories":[1],"tags":[],"class_list":["post-221","post","type-post","status-publish","format-standard","hentry","category-sem-categoria"],"_links":{"self":[{"href":"https:\/\/blogs2.correiobraziliense.com.br\/vicente\/wp-json\/wp\/v2\/posts\/221","targetHints":{"allow":["GET"]}}],"collection":[{"href":"https:\/\/blogs2.correiobraziliense.com.br\/vicente\/wp-json\/wp\/v2\/posts"}],"about":[{"href":"https:\/\/blogs2.correiobraziliense.com.br\/vicente\/wp-json\/wp\/v2\/types\/post"}],"author":[{"embeddable":true,"href":"https:\/\/blogs2.correiobraziliense.com.br\/vicente\/wp-json\/wp\/v2\/users\/22"}],"replies":[{"embeddable":true,"href":"https:\/\/blogs2.correiobraziliense.com.br\/vicente\/wp-json\/wp\/v2\/comments?post=221"}],"version-history":[{"count":0,"href":"https:\/\/blogs2.correiobraziliense.com.br\/vicente\/wp-json\/wp\/v2\/posts\/221\/revisions"}],"wp:attachment":[{"href":"https:\/\/blogs2.correiobraziliense.com.br\/vicente\/wp-json\/wp\/v2\/media?parent=221"}],"wp:term":[{"taxonomy":"category","embeddable":true,"href":"https:\/\/blogs2.correiobraziliense.com.br\/vicente\/wp-json\/wp\/v2\/categories?post=221"},{"taxonomy":"post_tag","embeddable":true,"href":"https:\/\/blogs2.correiobraziliense.com.br\/vicente\/wp-json\/wp\/v2\/tags?post=221"}],"curies":[{"name":"wp","href":"https:\/\/api.w.org\/{rel}","templated":true}]}}