{"id":222,"date":"2015-10-16T07:10:00","date_gmt":"2015-10-16T10:10:00","guid":{"rendered":"https:\/\/blogs2.correiobraziliense.com.br\/vicente\/titulos_da_crise\/"},"modified":"2015-10-16T07:10:00","modified_gmt":"2015-10-16T10:10:00","slug":"titulos_da_crise","status":"publish","type":"post","link":"https:\/\/blogs2.correiobraziliense.com.br\/vicente\/titulos_da_crise\/","title":{"rendered":"T\u00cdTULOS DA CRISE"},"content":{"rendered":"<p>&nbsp;\u00bb Ex-diretor do Banco Central, Carlos Thadeu de  Freitas Gomes recomenda ao Tesouro Nacional que n\u00e3o sancione mais o  aumento dos juros da d\u00edvida p\u00fablica. Em vez de oferecer ao mercado  t\u00edtulos com taxas prefixadas, elevad\u00edssimas, que passe a ofertar pap\u00e9is  corrigidos pela Selic, de 14,25% ao ano, com prazos de vencimento mais  curtos. <\/p>\n<p><b>O verdadeiro ajuste<\/b>&nbsp;\u00bb Carlos Thadeu ressalta que  ajuste de verdade quem est\u00e1 fazendo \u00e9 a popula\u00e7\u00e3o. Com o tarifa\u00e7o  promovido pelo governo, a infla\u00e7\u00e3o caminhando para 10% e o cr\u00e9dito caro e  escasso, as fam\u00edlias foram obrigadas a cortar gastos, inclusive com  alimenta\u00e7\u00e3o, para evitar o descontrole or\u00e7ament\u00e1rio que pode resultar em  calote. <\/p>\n<p><i>Bras\u00edlia, 07h10min<\/i>   <\/p>\n","protected":false},"excerpt":{"rendered":"<p>&nbsp;\u00bb Ex-diretor do Banco Central, Carlos Thadeu de Freitas Gomes recomenda ao Tesouro Nacional que n\u00e3o sancione mais o aumento dos juros da d\u00edvida p\u00fablica. Em vez de oferecer ao mercado t\u00edtulos com taxas prefixadas, elevad\u00edssimas, que passe a ofertar pap\u00e9is corrigidos pela Selic, de 14,25% ao ano, com prazos de vencimento mais curtos. O [&hellip;]<\/p>\n","protected":false},"author":22,"featured_media":0,"comment_status":"open","ping_status":"open","sticky":false,"template":"","format":"standard","meta":{"wpb_read_more":[],"footnotes":""},"categories":[1],"tags":[],"class_list":["post-222","post","type-post","status-publish","format-standard","hentry","category-sem-categoria"],"_links":{"self":[{"href":"https:\/\/blogs2.correiobraziliense.com.br\/vicente\/wp-json\/wp\/v2\/posts\/222","targetHints":{"allow":["GET"]}}],"collection":[{"href":"https:\/\/blogs2.correiobraziliense.com.br\/vicente\/wp-json\/wp\/v2\/posts"}],"about":[{"href":"https:\/\/blogs2.correiobraziliense.com.br\/vicente\/wp-json\/wp\/v2\/types\/post"}],"author":[{"embeddable":true,"href":"https:\/\/blogs2.correiobraziliense.com.br\/vicente\/wp-json\/wp\/v2\/users\/22"}],"replies":[{"embeddable":true,"href":"https:\/\/blogs2.correiobraziliense.com.br\/vicente\/wp-json\/wp\/v2\/comments?post=222"}],"version-history":[{"count":0,"href":"https:\/\/blogs2.correiobraziliense.com.br\/vicente\/wp-json\/wp\/v2\/posts\/222\/revisions"}],"wp:attachment":[{"href":"https:\/\/blogs2.correiobraziliense.com.br\/vicente\/wp-json\/wp\/v2\/media?parent=222"}],"wp:term":[{"taxonomy":"category","embeddable":true,"href":"https:\/\/blogs2.correiobraziliense.com.br\/vicente\/wp-json\/wp\/v2\/categories?post=222"},{"taxonomy":"post_tag","embeddable":true,"href":"https:\/\/blogs2.correiobraziliense.com.br\/vicente\/wp-json\/wp\/v2\/tags?post=222"}],"curies":[{"name":"wp","href":"https:\/\/api.w.org\/{rel}","templated":true}]}}