{"id":224,"date":"2015-10-17T03:01:00","date_gmt":"2015-10-17T06:01:00","guid":{"rendered":"https:\/\/blogs2.correiobraziliense.com.br\/vicente\/futuro_das_cidades\/"},"modified":"2015-10-17T03:01:00","modified_gmt":"2015-10-17T06:01:00","slug":"futuro_das_cidades","status":"publish","type":"post","link":"https:\/\/blogs2.correiobraziliense.com.br\/vicente\/futuro_das_cidades\/","title":{"rendered":"FUTURO DAS CIDADES"},"content":{"rendered":"\n<p>\u00bb A economia de \u00e1gua \u00e9 fator  fundamental para uma cidade ser considerada sustent\u00e1vel. Mas, diante da  crise h\u00eddrica enfrentada pelo pa\u00eds, est\u00e1 dif\u00edcil chegar a esse modelo  vital para o bem-estar futuro da popula\u00e7\u00e3o. O tema ser\u00e1 debatido por  Albert Appleton, consultor internacional na \u00e1rea ambiental e idealizador  do sistema de \u00e1gua em Nova York, durante o F\u00f3rum das \u00c1guas, que ser\u00e1  realizado de 21 a 23 de outubro, em Inhotim (MG).<i> <\/p>\n<p><\/i><i>Bras\u00edlia, 03h01min<\/i>   <\/p>\n","protected":false},"excerpt":{"rendered":"<p>\u00bb A economia de \u00e1gua \u00e9 fator fundamental para uma cidade ser considerada sustent\u00e1vel. Mas, diante da crise h\u00eddrica enfrentada pelo pa\u00eds, est\u00e1 dif\u00edcil chegar a esse modelo vital para o bem-estar futuro da popula\u00e7\u00e3o. O tema ser\u00e1 debatido por Albert Appleton, consultor internacional na \u00e1rea ambiental e idealizador do sistema de \u00e1gua em Nova [&hellip;]<\/p>\n","protected":false},"author":22,"featured_media":0,"comment_status":"open","ping_status":"open","sticky":false,"template":"","format":"standard","meta":{"wpb_read_more":[],"footnotes":""},"categories":[1],"tags":[],"class_list":["post-224","post","type-post","status-publish","format-standard","hentry","category-sem-categoria"],"_links":{"self":[{"href":"https:\/\/blogs2.correiobraziliense.com.br\/vicente\/wp-json\/wp\/v2\/posts\/224","targetHints":{"allow":["GET"]}}],"collection":[{"href":"https:\/\/blogs2.correiobraziliense.com.br\/vicente\/wp-json\/wp\/v2\/posts"}],"about":[{"href":"https:\/\/blogs2.correiobraziliense.com.br\/vicente\/wp-json\/wp\/v2\/types\/post"}],"author":[{"embeddable":true,"href":"https:\/\/blogs2.correiobraziliense.com.br\/vicente\/wp-json\/wp\/v2\/users\/22"}],"replies":[{"embeddable":true,"href":"https:\/\/blogs2.correiobraziliense.com.br\/vicente\/wp-json\/wp\/v2\/comments?post=224"}],"version-history":[{"count":0,"href":"https:\/\/blogs2.correiobraziliense.com.br\/vicente\/wp-json\/wp\/v2\/posts\/224\/revisions"}],"wp:attachment":[{"href":"https:\/\/blogs2.correiobraziliense.com.br\/vicente\/wp-json\/wp\/v2\/media?parent=224"}],"wp:term":[{"taxonomy":"category","embeddable":true,"href":"https:\/\/blogs2.correiobraziliense.com.br\/vicente\/wp-json\/wp\/v2\/categories?post=224"},{"taxonomy":"post_tag","embeddable":true,"href":"https:\/\/blogs2.correiobraziliense.com.br\/vicente\/wp-json\/wp\/v2\/tags?post=224"}],"curies":[{"name":"wp","href":"https:\/\/api.w.org\/{rel}","templated":true}]}}