{"id":225,"date":"2015-10-17T10:10:00","date_gmt":"2015-10-17T13:10:00","guid":{"rendered":"https:\/\/blogs2.correiobraziliense.com.br\/vicente\/por_um_fio\/"},"modified":"2015-10-17T10:10:00","modified_gmt":"2015-10-17T13:10:00","slug":"por_um_fio","status":"publish","type":"post","link":"https:\/\/blogs2.correiobraziliense.com.br\/vicente\/por_um_fio\/","title":{"rendered":"POR UM FIO"},"content":{"rendered":"\n<p><b>POR PAULO SILVA PINTO<\/b> <\/p>\n<p>A sorte do Brasil estar\u00e1 selada se, no m\u00eas que vem, os parlamentares decidirem derrubar os vetos presidenciais a projetos de lei aprovados pelo Congresso. Caso isso aconte\u00e7a, os analistas de mercado n\u00e3o t\u00eam d\u00favida: o Brasil vai perder o grau de investimento de modo praticamente autom\u00e1tico por parte de ag\u00eancias de classifica\u00e7\u00e3o de risco. <\/p>\n<p>A Fitch reduziu a nota do Brasil nesta semana para o grau mais baixo antes da categoria \u201clixo\u201d, o que a Moody\u2019s j\u00e1 fez em agosto. No m\u00eas passado, a Standard &amp; Poor\u2019s j\u00e1 tirou do pa\u00eds o selo de bom pagador. Com a chancela de duas ag\u00eancias, fundos de investimento norte-americanos ainda podem comprar t\u00edtulos do governo brasileiro. Portanto, com o rebaixamento de uma delas, o mundo passar\u00e1 a nos ver de outro modo. O mais prov\u00e1vel \u00e9 que a Moody\u2019s fa\u00e7a esse movimento, j\u00e1 que a decis\u00e3o da Fitch foi mais recente. <\/p>\n<p>A expectativa no mercado \u00e9 que a decis\u00e3o s\u00f3 venha daqui a seis meses. A Moody\u2019s espera que a d\u00edvida p\u00fablica se estabilize em 70% do Produto Interno Bruto (PIB), com o pa\u00eds caminhando para ter em 2017 um superavit prim\u00e1rio de 2% do PIB e crescimento econ\u00f4mico de 2%. \u00c9 bem dif\u00edcil que o pa\u00eds consiga esses feitos, o que estar\u00e1 provavelmente mais claro em abril. Mas as ag\u00eancias, tanto a Moody\u2019s quanto a Fitch, deixaram claro que podem tomar outra decis\u00e3o em caso de mudan\u00e7a repentina do cen\u00e1rio. \u00c9 o que ocorreu com a proposta de Or\u00e7amento com previs\u00e3o de deficit, apresentada pelo governo pela primeira na hist\u00f3ria no fim de agosto. O ministro da Fazenda, Joaquim Levy, foi contr\u00e1rio a essa ideia, defendida sobretudo pelo ent\u00e3o titular da Casa Civil, Aloizio Mercadante. Levy alertou para o risco de rebaixamento. Foi exatamente o que a S&amp;P fez em seguida. <\/p>\n<p>Mesmo com a pr\u00f3diga distribui\u00e7\u00e3o de minist\u00e9rios ao PMDB, o governo n\u00e3o conseguiu apreciar os vetos at\u00e9 agora.&nbsp; Caso n\u00e3o sejam derrubados, ficar\u00e1 claro, de imediato, que o Planalto n\u00e3o consegue sequer conter a sangria, quanto mais curar o Estado doente, ou, no m\u00ednimo, lev\u00e1-lo a uma situa\u00e7\u00e3o de estabilidade, como se prop\u00f5e a fazer. <\/p>\n<p>O problema \u00e9 que os projetos aprovados elevam os gastos em R$ 127 bilh\u00f5es at\u00e9 2019, segundo as contas do governo. S\u00f3 com o aumento de sal\u00e1rios do Judici\u00e1rio, que em&nbsp; alguns casos chega a 78%, a conta acumulada ser\u00e1 de R$ 36,2 bilh\u00f5es. <\/p>\n<p>Gastos dif\u00edceis de justificar <\/p>\n<p>Os funcion\u00e1rios p\u00fablicos se irritam com esses n\u00fameros, e dizem que n\u00e3o podem ser culpados pela crise. O problema \u00e9 que n\u00e3o \u00e9 poss\u00edvel ignorar a conta. Em uma empresa, em uma fam\u00edlia, s\u00f3 se elevam gastos quanto h\u00e1 dinheiro dispon\u00edvel. E a verdade \u00e9 que, no caso do governo federal, n\u00e3o h\u00e1. <\/p>\n<p>Uma outra discuss\u00e3o \u00e9 quanto \u00e0 justificativa para as despesas. E tamb\u00e9m nesse ponto \u00e9 dif\u00edcil defender o aumento. O Judici\u00e1rio, incluindo a esfera federal e as estaduais, custa 1,3% do PIB no Brasil. \u00c9 muito mais do que em outros pa\u00edses, ricos ou pobres.&nbsp; Na Alemanha e da Venezuela, a propor\u00e7\u00e3o \u00e9 de 0,3%. No Chile e na It\u00e1lia, 0,2%. E nos Estados Unidos e na Argentina, 0,1%. <\/p>\n<p>O pior \u00e9 que, se vier o aumento para o Judici\u00e1rio, outras categorias do funcionalismo&nbsp; p\u00fablico tamb\u00e9m v\u00e3o querer equipara\u00e7\u00e3o. Com isso, a conta vai ficar muito mais alta. \u00c9 poss\u00edvel que os funcion\u00e1rios fiquem mais satisfeitos e trabalhem com mais empenho, mas dificilmente v\u00e3o elevar a qualidade do servi\u00e7o p\u00fablico brasileiro, bastante fraca na m\u00e9dia. \u201cPaga-se aqui pre\u00e7o de hotel cinco estrelas para usar servi\u00e7os tr\u00eas estrelas\u201d, diz Carlos Braga, professor de pol\u00edtica econ\u00f4mica internacional do IMB, escola de neg\u00f3cios su\u00ed\u00e7a. <\/p>\n<p>Se o Congresso derrubar os vetos presidenciais em novembro, ser\u00e1 praticamente autom\u00e1tica a perda do selo de bom pagador do pa\u00eds por uma das duas ag\u00eancias que ainda o mant\u00e9m <\/p>\n<p><b>Copom deve manter juro<\/b> <\/p>\n<p>\u00bb O Comit\u00ea de Pol\u00edtica Monet\u00e1ria do Banco Central (Copom) vai se reunir na ter\u00e7a e na quarta-feira da pr\u00f3xima semana para deliberar sobre a taxa b\u00e1sica de juros. A Selic dever\u00e1 ficar em 14,25%, na avalia\u00e7\u00e3o de analistas de mercado, embora a infla\u00e7\u00e3o ainda esteja em alta. Mas o banco dever\u00e1 refor\u00e7ar, em seu comunicado, a constante vigil\u00e2ncia e reavalia\u00e7\u00e3o das condi\u00e7\u00f5es macroecon\u00f4micas. <\/p>\n<p><b>Mais infla\u00e7\u00e3o e desemprego<\/b> <\/p>\n<p>\u00bb Na pr\u00f3xima semana, saem dois dados importantes do Instituto de Geografia e Estat\u00edstica (IBGE): a pr\u00e9via do \u00cdndice de Pre\u00e7os ao Consumidor Amplo (IPCA-15) e a Pesquisa Mensal de Emprego (PME). A expectativa dos economistas do Santander \u00e9 de que a infla\u00e7\u00e3o venha com 0,68%, acumulando alta em 12 meses de 9,79%. E o desemprego dever\u00e1 passar de 7,4% para 7,7% da popula\u00e7\u00e3o economicamente ativa, no dado livre de ajustes sazonais.<i> <\/p>\n<p><\/i><i>Bras\u00edlia, 10h10min<\/i>   <\/p>\n","protected":false},"excerpt":{"rendered":"<p>POR PAULO SILVA PINTO A sorte do Brasil estar\u00e1 selada se, no m\u00eas que vem, os parlamentares decidirem derrubar os vetos presidenciais a projetos de lei aprovados pelo Congresso. Caso isso aconte\u00e7a, os analistas de mercado n\u00e3o t\u00eam d\u00favida: o Brasil vai perder o grau de investimento de modo praticamente autom\u00e1tico por parte de ag\u00eancias [&hellip;]<\/p>\n","protected":false},"author":22,"featured_media":0,"comment_status":"open","ping_status":"open","sticky":false,"template":"","format":"standard","meta":{"wpb_read_more":[],"footnotes":""},"categories":[1],"tags":[],"class_list":["post-225","post","type-post","status-publish","format-standard","hentry","category-sem-categoria"],"_links":{"self":[{"href":"https:\/\/blogs2.correiobraziliense.com.br\/vicente\/wp-json\/wp\/v2\/posts\/225","targetHints":{"allow":["GET"]}}],"collection":[{"href":"https:\/\/blogs2.correiobraziliense.com.br\/vicente\/wp-json\/wp\/v2\/posts"}],"about":[{"href":"https:\/\/blogs2.correiobraziliense.com.br\/vicente\/wp-json\/wp\/v2\/types\/post"}],"author":[{"embeddable":true,"href":"https:\/\/blogs2.correiobraziliense.com.br\/vicente\/wp-json\/wp\/v2\/users\/22"}],"replies":[{"embeddable":true,"href":"https:\/\/blogs2.correiobraziliense.com.br\/vicente\/wp-json\/wp\/v2\/comments?post=225"}],"version-history":[{"count":0,"href":"https:\/\/blogs2.correiobraziliense.com.br\/vicente\/wp-json\/wp\/v2\/posts\/225\/revisions"}],"wp:attachment":[{"href":"https:\/\/blogs2.correiobraziliense.com.br\/vicente\/wp-json\/wp\/v2\/media?parent=225"}],"wp:term":[{"taxonomy":"category","embeddable":true,"href":"https:\/\/blogs2.correiobraziliense.com.br\/vicente\/wp-json\/wp\/v2\/categories?post=225"},{"taxonomy":"post_tag","embeddable":true,"href":"https:\/\/blogs2.correiobraziliense.com.br\/vicente\/wp-json\/wp\/v2\/tags?post=225"}],"curies":[{"name":"wp","href":"https:\/\/api.w.org\/{rel}","templated":true}]}}