{"id":227,"date":"2015-10-20T00:01:00","date_gmt":"2015-10-20T02:01:00","guid":{"rendered":"https:\/\/blogs2.correiobraziliense.com.br\/vicente\/megalomania_de_meirelles\/"},"modified":"2015-10-20T00:01:00","modified_gmt":"2015-10-20T02:01:00","slug":"megalomania_de_meirelles","status":"publish","type":"post","link":"https:\/\/blogs2.correiobraziliense.com.br\/vicente\/megalomania_de_meirelles\/","title":{"rendered":"MEGALOMANIA DE MEIRELLES"},"content":{"rendered":"\n<p>\u00bb Henrique Meirelles, o escolhido de Lula  para o lugar de Joaquim Levy no Minist\u00e9rio da Fazenda, virou motivo de  chacota no Pal\u00e1cio do Planalto. Para assumir o comando da equipe  econ\u00f4mica, ele exige nomear o ministro do Planejamento e o presidente do  Banco Central. \u201cMegalomania \u00e9 pouco\u201d, diz um auxiliar de Dilma. <\/p>\n<p><i>Bras\u00edlia, 00h01min<\/i>   <\/p>\n","protected":false},"excerpt":{"rendered":"<p>\u00bb Henrique Meirelles, o escolhido de Lula para o lugar de Joaquim Levy no Minist\u00e9rio da Fazenda, virou motivo de chacota no Pal\u00e1cio do Planalto. Para assumir o comando da equipe econ\u00f4mica, ele exige nomear o ministro do Planejamento e o presidente do Banco Central. \u201cMegalomania \u00e9 pouco\u201d, diz um auxiliar de Dilma. Bras\u00edlia, 00h01min<\/p>\n","protected":false},"author":22,"featured_media":0,"comment_status":"open","ping_status":"open","sticky":false,"template":"","format":"standard","meta":{"wpb_read_more":[],"footnotes":""},"categories":[1],"tags":[],"class_list":["post-227","post","type-post","status-publish","format-standard","hentry","category-sem-categoria"],"_links":{"self":[{"href":"https:\/\/blogs2.correiobraziliense.com.br\/vicente\/wp-json\/wp\/v2\/posts\/227","targetHints":{"allow":["GET"]}}],"collection":[{"href":"https:\/\/blogs2.correiobraziliense.com.br\/vicente\/wp-json\/wp\/v2\/posts"}],"about":[{"href":"https:\/\/blogs2.correiobraziliense.com.br\/vicente\/wp-json\/wp\/v2\/types\/post"}],"author":[{"embeddable":true,"href":"https:\/\/blogs2.correiobraziliense.com.br\/vicente\/wp-json\/wp\/v2\/users\/22"}],"replies":[{"embeddable":true,"href":"https:\/\/blogs2.correiobraziliense.com.br\/vicente\/wp-json\/wp\/v2\/comments?post=227"}],"version-history":[{"count":0,"href":"https:\/\/blogs2.correiobraziliense.com.br\/vicente\/wp-json\/wp\/v2\/posts\/227\/revisions"}],"wp:attachment":[{"href":"https:\/\/blogs2.correiobraziliense.com.br\/vicente\/wp-json\/wp\/v2\/media?parent=227"}],"wp:term":[{"taxonomy":"category","embeddable":true,"href":"https:\/\/blogs2.correiobraziliense.com.br\/vicente\/wp-json\/wp\/v2\/categories?post=227"},{"taxonomy":"post_tag","embeddable":true,"href":"https:\/\/blogs2.correiobraziliense.com.br\/vicente\/wp-json\/wp\/v2\/tags?post=227"}],"curies":[{"name":"wp","href":"https:\/\/api.w.org\/{rel}","templated":true}]}}