{"id":228,"date":"2015-10-20T09:22:00","date_gmt":"2015-10-20T11:22:00","guid":{"rendered":"https:\/\/blogs2.correiobraziliense.com.br\/vicente\/ninho_de_cobras\/"},"modified":"2015-10-20T09:22:00","modified_gmt":"2015-10-20T11:22:00","slug":"ninho_de_cobras","status":"publish","type":"post","link":"https:\/\/blogs2.correiobraziliense.com.br\/vicente\/ninho_de_cobras\/","title":{"rendered":"NINHO DE COBRAS"},"content":{"rendered":"\n<p>Muito bem, a presidente Dilma Rousseff disse o que o ministro da Fazenda, Joaquim Levy, queria ouvir \u2014 que ele fica no governo \u2014, mas entre o que a petista fala e a realidade h\u00e1 uma dist\u00e2ncia enorme. A presidente j\u00e1 n\u00e3o \u00e9 mais dona de seu governo h\u00e1 muito tempo. Por quest\u00e3o de sobreviv\u00eancia, rateou o mandato que recebeu das urnas entre os partidos que lhe d\u00e3o sustenta\u00e7\u00e3o, sobretudo o PT e o PMDB. E nenhum deles se sente confort\u00e1vel com Levy \u00e0 frente da equipe econ\u00f4mica. <\/p>\n<p>Aos aliados mais pr\u00f3ximos, Dilma vem dizendo que Levy tem a sua confian\u00e7a e que ele \u00e9 imprescind\u00edvel para tocar o ajuste fiscal que pode resgatar a confian\u00e7a no pa\u00eds. O problema \u00e9 que a presidente estimula, com sua ambiguidade, todo o bombardeio contra o ministro, especialmente dentro do governo. H\u00e1 uma corrente com forte tr\u00e2nsito no Pal\u00e1cio do Planalto disposta a defenestrar Levy. E, para isso, vem alimentando a onda de rumores de que ele est\u00e1 deixando o cargo. <\/p>\n<p>N\u00e3o se pode esquecer que o pr\u00f3prio ministro, na \u00e2nsia de se proteger e de amplificar a sua import\u00e2ncia, ajuda a alimentar as incertezas. Desde que o ex-presidente Lula decidiu partir para cima, Levy fez quest\u00e3o de espalhar, a interlocutores considerados estrat\u00e9gicos, que n\u00e3o estava satisfeito e, caso Dilma n\u00e3o o defendesse explicitamente, pediria para sair. H\u00e1, dentro da Fazenda, quem assegure que partiu do ministro a informa\u00e7\u00e3o, na sexta-feira, de que ele teria escrito uma carta de demiss\u00e3o a ser entregue para a presidente. <\/p>\n<p>Toda essa situa\u00e7\u00e3o tendo Levy como protagonista mostra que o governo n\u00e3o tem projeto para tirar o pa\u00eds do atoleiro. O que impera \u00e9 uma guerra de vaidades. N\u00e3o por acaso, a cada semana, as previs\u00f5es para a economia s\u00f3 pioram. Os investidores veem um pa\u00eds sem rumo. Esperava-se que, depois do desgaste provocado pelo envio ao Congresso do Or\u00e7amento de 2016 com previs\u00e3o de deficit de R$ 30,5 bilh\u00f5es e da perda do grau de investimento pela Standard &amp; Poor\u2019s (S&amp;P), o governo acordasse para a gravidade do quadro. <\/p>\n<p>Mas nada, absolutamente nada, foi feito de concreto para reverter a forte deteriora\u00e7\u00e3o da economia. Dilma e seus ministros continuam mantendo um discurso irreal, agem como se o pa\u00eds estivesse enfrentando apenas \u201cuma marolinha\u201d. Esse quadro cor-de-rosa foi pintado ontem pelo ministro do Planejamento, Nelson Barbosa, no territ\u00f3rio mais hostil a Levy, o Instituto Lula. Para ele, o governo est\u00e1 trabalhando no sentido de promover a retomada do crescimento. <\/p>\n<p>Ningu\u00e9m espera que Barbosa jogue a toalha. Contudo, esse tipo de discurso acaba se tonando motivo de piada, especialmente por ter uma dire\u00e7\u00e3o certa, Lula e os petistas que o aplaudiram ontem. O crescimento da economia s\u00f3 vir\u00e1 quando os agentes econ\u00f4micos tiverem confian\u00e7a de que o governo realmente acordou para os problemas e far\u00e1 o que for necess\u00e1rio para arrumar as contas p\u00fablicas. Por enquanto, tudo s\u00e3o promessas.<b> <\/p>\n<p>Descompromisso<\/b> <\/p>\n<p>N\u00e3o \u00e9 s\u00f3. Al\u00e9m de n\u00e3o haver um empenho concreto para fazer um ajuste fiscal consistente, h\u00e1 a amea\u00e7a latente da volta do populismo. A press\u00e3o sobre a presidente \u00e9 para que ela resgate a pol\u00edtica econ\u00f4mica que vigorou no segundo mandato de Lula e no primeiro dela, calcada no consumo, com mais cr\u00e9dito, principalmente dos bancos p\u00fablicos. Tudo o que Levy \u00e9 contra. Foi a insist\u00eancia nesse modelo que trouxe de volta a infla\u00e7\u00e3o e o desemprego e destruiu as finan\u00e7as do pa\u00eds. <\/p>\n<p>Pelos c\u00e1lculos de Ilan Goldfajn, economista-chefe do Ita\u00fa Unibanco, se realmente quiser reverter o pessimismo que empurra o pa\u00eds para o buraco, o governo deve entregar um superavit prim\u00e1rio de 3,5% do Produto Interno Bruto (PIB). Mas isso implicaria fazer o que Dilma mais resiste: cortar de verdade na carne, reduzir gastos como os do Programa Minha casa Minha Vida (MCMV) e praticamente paralisar o Programa de Acelera\u00e7\u00e3o do Crescimento (PAC). Tamb\u00e9m seria necess\u00e1rio uma redu\u00e7\u00e3o pesada nos gastos com pessoal e suspender todos os reajustes aos servidores. <\/p>\n<p>Um ajuste de verdade, na opini\u00e3o de Goldfajn, passa ainda pela reavalia\u00e7\u00e3o de todas as despesas, inclusive as dos programas sociais, e pela diminui\u00e7\u00e3o do tamanho do Estado. Al\u00e9m disso, o governo teria de contar com uma desvincula\u00e7\u00e3o das receitas maior do que os 30% previstos em projeto que tramita no Congresso. \u201cMesmo que fosse poss\u00edvel fazer esse ajuste de 3,5% do PIB, seria necess\u00e1rio depois estancar o crescimento dos gastos da previd\u00eancia que aumentam o deficit fiscal em 0,3% do PIB ao ano\u201d, diz <\/p>\n<p>N\u00e3o h\u00e1, por\u00e9m, como acreditar que Dilma, ainda que Levy se fortale\u00e7a, seja capaz de tamanho arrocho. Para a presidente, o Brasil vive uma crise conjuntural, passageira. Portanto, n\u00e3o h\u00e1 necessidade de um choque t\u00e3o profundo para reconstruir a credibilidade. Esse \u00e9 o mesmo pensamento de Lula, que acredita ter a receita para o sucesso. Enquanto prevalecer essa vis\u00e3o, o Brasil n\u00e3o ter\u00e1 salva\u00e7\u00e3o. Os 3% de queda previsto para o PIB deste ano podem se aproximar de 4% e um tombo de 2% em 2016 j\u00e1 entrou no radar. Quem acredita que est\u00e1 t\u00e3o ruim que n\u00e3o pode piorar deve rever seu conceito. Com o atual governo, tudo \u00e9 poss\u00edvel, inclusive levar o pa\u00eds a mais uma d\u00e9cada perdida. Falta muito pouco para isso. <\/p>\n<p><i> <\/p>\n<p>Bras\u00edlia, 09h21min<\/i>   <\/p>\n","protected":false},"excerpt":{"rendered":"<p>Muito bem, a presidente Dilma Rousseff disse o que o ministro da Fazenda, Joaquim Levy, queria ouvir \u2014 que ele fica no governo \u2014, mas entre o que a petista fala e a realidade h\u00e1 uma dist\u00e2ncia enorme. A presidente j\u00e1 n\u00e3o \u00e9 mais dona de seu governo h\u00e1 muito tempo. Por quest\u00e3o de sobreviv\u00eancia, [&hellip;]<\/p>\n","protected":false},"author":22,"featured_media":0,"comment_status":"open","ping_status":"open","sticky":false,"template":"","format":"standard","meta":{"wpb_read_more":[],"footnotes":""},"categories":[1],"tags":[],"class_list":["post-228","post","type-post","status-publish","format-standard","hentry","category-sem-categoria"],"_links":{"self":[{"href":"https:\/\/blogs2.correiobraziliense.com.br\/vicente\/wp-json\/wp\/v2\/posts\/228","targetHints":{"allow":["GET"]}}],"collection":[{"href":"https:\/\/blogs2.correiobraziliense.com.br\/vicente\/wp-json\/wp\/v2\/posts"}],"about":[{"href":"https:\/\/blogs2.correiobraziliense.com.br\/vicente\/wp-json\/wp\/v2\/types\/post"}],"author":[{"embeddable":true,"href":"https:\/\/blogs2.correiobraziliense.com.br\/vicente\/wp-json\/wp\/v2\/users\/22"}],"replies":[{"embeddable":true,"href":"https:\/\/blogs2.correiobraziliense.com.br\/vicente\/wp-json\/wp\/v2\/comments?post=228"}],"version-history":[{"count":0,"href":"https:\/\/blogs2.correiobraziliense.com.br\/vicente\/wp-json\/wp\/v2\/posts\/228\/revisions"}],"wp:attachment":[{"href":"https:\/\/blogs2.correiobraziliense.com.br\/vicente\/wp-json\/wp\/v2\/media?parent=228"}],"wp:term":[{"taxonomy":"category","embeddable":true,"href":"https:\/\/blogs2.correiobraziliense.com.br\/vicente\/wp-json\/wp\/v2\/categories?post=228"},{"taxonomy":"post_tag","embeddable":true,"href":"https:\/\/blogs2.correiobraziliense.com.br\/vicente\/wp-json\/wp\/v2\/tags?post=228"}],"curies":[{"name":"wp","href":"https:\/\/api.w.org\/{rel}","templated":true}]}}