{"id":229,"date":"2015-10-20T10:30:00","date_gmt":"2015-10-20T12:30:00","guid":{"rendered":"https:\/\/blogs2.correiobraziliense.com.br\/vicente\/o_pior_de_tombini\/"},"modified":"2015-10-20T10:30:00","modified_gmt":"2015-10-20T12:30:00","slug":"o_pior_de_tombini","status":"publish","type":"post","link":"https:\/\/blogs2.correiobraziliense.com.br\/vicente\/o_pior_de_tombini\/","title":{"rendered":"O PIOR DE TOMBINI"},"content":{"rendered":"\n<p>\u00bb  Alexandre Tombini, presidente do Banco Central, caminha para ostentar o  t\u00edtulo de um dos piores comandantes da autoridade monet\u00e1ria. Vai  combinar infla\u00e7\u00e3o alta, os maiores juros do mundo e a pior recess\u00e3o em  80 anos. Desde o bi\u00eanio 1930 e 1931, o PIB n\u00e3o cai por dois anos  seguidos.<i> <\/p>\n<p><\/i><i>Bras\u00edlia, 10h30min<\/i>   <\/p>\n","protected":false},"excerpt":{"rendered":"<p>\u00bb Alexandre Tombini, presidente do Banco Central, caminha para ostentar o t\u00edtulo de um dos piores comandantes da autoridade monet\u00e1ria. Vai combinar infla\u00e7\u00e3o alta, os maiores juros do mundo e a pior recess\u00e3o em 80 anos. Desde o bi\u00eanio 1930 e 1931, o PIB n\u00e3o cai por dois anos seguidos. Bras\u00edlia, 10h30min<\/p>\n","protected":false},"author":22,"featured_media":0,"comment_status":"open","ping_status":"open","sticky":false,"template":"","format":"standard","meta":{"wpb_read_more":[],"footnotes":""},"categories":[1],"tags":[],"class_list":["post-229","post","type-post","status-publish","format-standard","hentry","category-sem-categoria"],"_links":{"self":[{"href":"https:\/\/blogs2.correiobraziliense.com.br\/vicente\/wp-json\/wp\/v2\/posts\/229","targetHints":{"allow":["GET"]}}],"collection":[{"href":"https:\/\/blogs2.correiobraziliense.com.br\/vicente\/wp-json\/wp\/v2\/posts"}],"about":[{"href":"https:\/\/blogs2.correiobraziliense.com.br\/vicente\/wp-json\/wp\/v2\/types\/post"}],"author":[{"embeddable":true,"href":"https:\/\/blogs2.correiobraziliense.com.br\/vicente\/wp-json\/wp\/v2\/users\/22"}],"replies":[{"embeddable":true,"href":"https:\/\/blogs2.correiobraziliense.com.br\/vicente\/wp-json\/wp\/v2\/comments?post=229"}],"version-history":[{"count":0,"href":"https:\/\/blogs2.correiobraziliense.com.br\/vicente\/wp-json\/wp\/v2\/posts\/229\/revisions"}],"wp:attachment":[{"href":"https:\/\/blogs2.correiobraziliense.com.br\/vicente\/wp-json\/wp\/v2\/media?parent=229"}],"wp:term":[{"taxonomy":"category","embeddable":true,"href":"https:\/\/blogs2.correiobraziliense.com.br\/vicente\/wp-json\/wp\/v2\/categories?post=229"},{"taxonomy":"post_tag","embeddable":true,"href":"https:\/\/blogs2.correiobraziliense.com.br\/vicente\/wp-json\/wp\/v2\/tags?post=229"}],"curies":[{"name":"wp","href":"https:\/\/api.w.org\/{rel}","templated":true}]}}