{"id":231,"date":"2015-10-22T07:10:00","date_gmt":"2015-10-22T09:10:00","guid":{"rendered":"https:\/\/blogs2.correiobraziliense.com.br\/vicente\/falta_de_educacao\/"},"modified":"2015-10-22T07:10:00","modified_gmt":"2015-10-22T09:10:00","slug":"falta_de_educacao","status":"publish","type":"post","link":"https:\/\/blogs2.correiobraziliense.com.br\/vicente\/falta_de_educacao\/","title":{"rendered":"FALTA DE EDUCA\u00c7\u00c3O"},"content":{"rendered":"\n<p>\u00bb  M\u00e1 educa\u00e7\u00e3o \u00e9 o que n\u00e3o falta na C\u00e2mara dos Deputados. Cinco  parlamentares foram convidados pelo embaixador da Coreia do Sul, Lee  Jeong-gwan, para um jantar na resid\u00eancia dele na noite de ter\u00e7a-feira.  Nenhum deles compareceu. Pior: sequer ligaram para justificar a  aus\u00eancia.<i> <\/p>\n<p><\/i><i>Bras\u00edlia, 07h10min<\/i>   <\/p>\n","protected":false},"excerpt":{"rendered":"<p>\u00bb M\u00e1 educa\u00e7\u00e3o \u00e9 o que n\u00e3o falta na C\u00e2mara dos Deputados. Cinco parlamentares foram convidados pelo embaixador da Coreia do Sul, Lee Jeong-gwan, para um jantar na resid\u00eancia dele na noite de ter\u00e7a-feira. Nenhum deles compareceu. Pior: sequer ligaram para justificar a aus\u00eancia. Bras\u00edlia, 07h10min<\/p>\n","protected":false},"author":22,"featured_media":0,"comment_status":"open","ping_status":"open","sticky":false,"template":"","format":"standard","meta":{"wpb_read_more":[],"footnotes":""},"categories":[1],"tags":[],"class_list":["post-231","post","type-post","status-publish","format-standard","hentry","category-sem-categoria"],"_links":{"self":[{"href":"https:\/\/blogs2.correiobraziliense.com.br\/vicente\/wp-json\/wp\/v2\/posts\/231","targetHints":{"allow":["GET"]}}],"collection":[{"href":"https:\/\/blogs2.correiobraziliense.com.br\/vicente\/wp-json\/wp\/v2\/posts"}],"about":[{"href":"https:\/\/blogs2.correiobraziliense.com.br\/vicente\/wp-json\/wp\/v2\/types\/post"}],"author":[{"embeddable":true,"href":"https:\/\/blogs2.correiobraziliense.com.br\/vicente\/wp-json\/wp\/v2\/users\/22"}],"replies":[{"embeddable":true,"href":"https:\/\/blogs2.correiobraziliense.com.br\/vicente\/wp-json\/wp\/v2\/comments?post=231"}],"version-history":[{"count":0,"href":"https:\/\/blogs2.correiobraziliense.com.br\/vicente\/wp-json\/wp\/v2\/posts\/231\/revisions"}],"wp:attachment":[{"href":"https:\/\/blogs2.correiobraziliense.com.br\/vicente\/wp-json\/wp\/v2\/media?parent=231"}],"wp:term":[{"taxonomy":"category","embeddable":true,"href":"https:\/\/blogs2.correiobraziliense.com.br\/vicente\/wp-json\/wp\/v2\/categories?post=231"},{"taxonomy":"post_tag","embeddable":true,"href":"https:\/\/blogs2.correiobraziliense.com.br\/vicente\/wp-json\/wp\/v2\/tags?post=231"}],"curies":[{"name":"wp","href":"https:\/\/api.w.org\/{rel}","templated":true}]}}