{"id":232,"date":"2015-10-22T08:10:00","date_gmt":"2015-10-22T10:10:00","guid":{"rendered":"https:\/\/blogs2.correiobraziliense.com.br\/vicente\/o_plantador_da_esplanada\/"},"modified":"2015-10-22T08:10:00","modified_gmt":"2015-10-22T10:10:00","slug":"o_plantador_da_esplanada","status":"publish","type":"post","link":"https:\/\/blogs2.correiobraziliense.com.br\/vicente\/o_plantador_da_esplanada\/","title":{"rendered":"O PLANTADOR DA ESPLANADA"},"content":{"rendered":"\n<p>\u00bb  Joaquim Levy apelidou o ministro do Planejamento, Nelson Barbosa, de o  \u201cplantador da Esplanada\u201d. O chefe da Fazenda acredita \u2014 e diz isso  claramente \u00e0s pessoas mais pr\u00f3ximas \u2014 que o colega n\u00e3o se cansa de  espalhar not\u00edcias contra ele. Levy nomina as fontes usadas por Barbosa. <\/p>\n<p><i>Bras\u00edlia, 08h10min<\/i> <\/p>\n","protected":false},"excerpt":{"rendered":"<p>\u00bb Joaquim Levy apelidou o ministro do Planejamento, Nelson Barbosa, de o \u201cplantador da Esplanada\u201d. O chefe da Fazenda acredita \u2014 e diz isso claramente \u00e0s pessoas mais pr\u00f3ximas \u2014 que o colega n\u00e3o se cansa de espalhar not\u00edcias contra ele. Levy nomina as fontes usadas por Barbosa. Bras\u00edlia, 08h10min<\/p>\n","protected":false},"author":22,"featured_media":0,"comment_status":"open","ping_status":"open","sticky":false,"template":"","format":"standard","meta":{"wpb_read_more":[],"footnotes":""},"categories":[1],"tags":[],"class_list":["post-232","post","type-post","status-publish","format-standard","hentry","category-sem-categoria"],"_links":{"self":[{"href":"https:\/\/blogs2.correiobraziliense.com.br\/vicente\/wp-json\/wp\/v2\/posts\/232","targetHints":{"allow":["GET"]}}],"collection":[{"href":"https:\/\/blogs2.correiobraziliense.com.br\/vicente\/wp-json\/wp\/v2\/posts"}],"about":[{"href":"https:\/\/blogs2.correiobraziliense.com.br\/vicente\/wp-json\/wp\/v2\/types\/post"}],"author":[{"embeddable":true,"href":"https:\/\/blogs2.correiobraziliense.com.br\/vicente\/wp-json\/wp\/v2\/users\/22"}],"replies":[{"embeddable":true,"href":"https:\/\/blogs2.correiobraziliense.com.br\/vicente\/wp-json\/wp\/v2\/comments?post=232"}],"version-history":[{"count":0,"href":"https:\/\/blogs2.correiobraziliense.com.br\/vicente\/wp-json\/wp\/v2\/posts\/232\/revisions"}],"wp:attachment":[{"href":"https:\/\/blogs2.correiobraziliense.com.br\/vicente\/wp-json\/wp\/v2\/media?parent=232"}],"wp:term":[{"taxonomy":"category","embeddable":true,"href":"https:\/\/blogs2.correiobraziliense.com.br\/vicente\/wp-json\/wp\/v2\/categories?post=232"},{"taxonomy":"post_tag","embeddable":true,"href":"https:\/\/blogs2.correiobraziliense.com.br\/vicente\/wp-json\/wp\/v2\/tags?post=232"}],"curies":[{"name":"wp","href":"https:\/\/api.w.org\/{rel}","templated":true}]}}