{"id":244,"date":"2015-10-28T00:10:57","date_gmt":"2015-10-28T02:10:57","guid":{"rendered":"https:\/\/blogs2.correiobraziliense.com.br\/vicente\/?p=244"},"modified":"2015-11-03T17:05:10","modified_gmt":"2015-11-03T19:05:10","slug":"chacota-com-mantega","status":"publish","type":"post","link":"https:\/\/blogs2.correiobraziliense.com.br\/vicente\/chacota-com-mantega\/","title":{"rendered":"CHACOTA COM MANTEGA"},"content":{"rendered":"<p>\u00bb Assessores de Levy acompanharam com aten\u00e7\u00e3o o depoimento de Guido Mantega, ex-ministro da Fazenda, na CPI do BNDES. V\u00e1rios deles ca\u00edram na gargalhada quando o ex-todo-poderoso chefe da equipe econ\u00f4mica disse que os repasses de quase R$ 500 bilh\u00f5es do Tesouro para o banco p\u00fablico ajudaram a impulsionar o crescimento do PIB e o emprego.<\/p>\n<p><strong>Culpa no cart\u00f3rio<\/strong><\/p>\n<p>\u00bb Os assessores reconheceram, por\u00e9m, que o discurso de Mantega se manteve coerente com o que ele fez enquanto esteve na Fazenda. \u201cCertamente, se fosse mantido por Dilma, a previs\u00e3o de queda do PIB neste ano, que est\u00e1 em 3%, estaria, agora, em pelo menos 5%\u201d, diz um dos t\u00e9cnicos. \u201cMantega tem muita culpa no cart\u00f3rio por tudo de ruim que estamos vivendo\u201d, acrescenta.<\/p>\n","protected":false},"excerpt":{"rendered":"<p>\u00bb Assessores de Levy acompanharam com aten\u00e7\u00e3o o depoimento de Guido Mantega, ex-ministro da Fazenda, na CPI do BNDES. V\u00e1rios deles ca\u00edram na gargalhada quando o ex-todo-poderoso chefe da equipe econ\u00f4mica disse que os repasses de quase R$ 500 bilh\u00f5es do Tesouro para o banco p\u00fablico ajudaram a impulsionar o crescimento do PIB e o [&hellip;]<\/p>\n","protected":false},"author":22,"featured_media":0,"comment_status":"closed","ping_status":"closed","sticky":false,"template":"","format":"standard","meta":{"wpb_read_more":[],"footnotes":""},"categories":[1],"tags":[],"class_list":["post-244","post","type-post","status-publish","format-standard","hentry","category-sem-categoria"],"_links":{"self":[{"href":"https:\/\/blogs2.correiobraziliense.com.br\/vicente\/wp-json\/wp\/v2\/posts\/244","targetHints":{"allow":["GET"]}}],"collection":[{"href":"https:\/\/blogs2.correiobraziliense.com.br\/vicente\/wp-json\/wp\/v2\/posts"}],"about":[{"href":"https:\/\/blogs2.correiobraziliense.com.br\/vicente\/wp-json\/wp\/v2\/types\/post"}],"author":[{"embeddable":true,"href":"https:\/\/blogs2.correiobraziliense.com.br\/vicente\/wp-json\/wp\/v2\/users\/22"}],"replies":[{"embeddable":true,"href":"https:\/\/blogs2.correiobraziliense.com.br\/vicente\/wp-json\/wp\/v2\/comments?post=244"}],"version-history":[{"count":1,"href":"https:\/\/blogs2.correiobraziliense.com.br\/vicente\/wp-json\/wp\/v2\/posts\/244\/revisions"}],"predecessor-version":[{"id":245,"href":"https:\/\/blogs2.correiobraziliense.com.br\/vicente\/wp-json\/wp\/v2\/posts\/244\/revisions\/245"}],"wp:attachment":[{"href":"https:\/\/blogs2.correiobraziliense.com.br\/vicente\/wp-json\/wp\/v2\/media?parent=244"}],"wp:term":[{"taxonomy":"category","embeddable":true,"href":"https:\/\/blogs2.correiobraziliense.com.br\/vicente\/wp-json\/wp\/v2\/categories?post=244"},{"taxonomy":"post_tag","embeddable":true,"href":"https:\/\/blogs2.correiobraziliense.com.br\/vicente\/wp-json\/wp\/v2\/tags?post=244"}],"curies":[{"name":"wp","href":"https:\/\/api.w.org\/{rel}","templated":true}]}}