{"id":249,"date":"2015-10-29T00:09:57","date_gmt":"2015-10-29T02:09:57","guid":{"rendered":"https:\/\/blogs2.correiobraziliense.com.br\/vicente\/?p=249"},"modified":"2015-11-03T17:14:26","modified_gmt":"2015-11-03T19:14:26","slug":"o-troco-de-levy","status":"publish","type":"post","link":"https:\/\/blogs2.correiobraziliense.com.br\/vicente\/o-troco-de-levy\/","title":{"rendered":"O TROCO DE LEVY"},"content":{"rendered":"<p>Joaquim Levy deu o troco ao ex-presidente Lula, que vinha trabalhando pesado para tir\u00e1-lo do Minist\u00e9rio da Fazenda. A pasta e a Receita Federal pediram a quebra dos sigilos fiscal e banc\u00e1rio de Lulinha, o encrencado filho do l\u00edder petista.<\/p>\n<p><strong>Muito feliz<\/strong><\/p>\n<p>Quem conhece Levy, garante que n\u00e3o h\u00e1 um dedo dele sequer nas investiga\u00e7\u00f5es contra Lulinha e o ex-ministro Gilberto Carvalho, envolvidos na compra de medida provis\u00f3ria para beneficiar o setor automotivo. Mas que Levy est\u00e1 feliz, est\u00e1.<\/p>\n","protected":false},"excerpt":{"rendered":"<p>Joaquim Levy deu o troco ao ex-presidente Lula, que vinha trabalhando pesado para tir\u00e1-lo do Minist\u00e9rio da Fazenda. A pasta e a Receita Federal pediram a quebra dos sigilos fiscal e banc\u00e1rio de Lulinha, o encrencado filho do l\u00edder petista. Muito feliz Quem conhece Levy, garante que n\u00e3o h\u00e1 um dedo dele sequer nas investiga\u00e7\u00f5es [&hellip;]<\/p>\n","protected":false},"author":22,"featured_media":0,"comment_status":"closed","ping_status":"closed","sticky":false,"template":"","format":"standard","meta":{"wpb_read_more":[],"footnotes":""},"categories":[1],"tags":[],"class_list":["post-249","post","type-post","status-publish","format-standard","hentry","category-sem-categoria"],"_links":{"self":[{"href":"https:\/\/blogs2.correiobraziliense.com.br\/vicente\/wp-json\/wp\/v2\/posts\/249","targetHints":{"allow":["GET"]}}],"collection":[{"href":"https:\/\/blogs2.correiobraziliense.com.br\/vicente\/wp-json\/wp\/v2\/posts"}],"about":[{"href":"https:\/\/blogs2.correiobraziliense.com.br\/vicente\/wp-json\/wp\/v2\/types\/post"}],"author":[{"embeddable":true,"href":"https:\/\/blogs2.correiobraziliense.com.br\/vicente\/wp-json\/wp\/v2\/users\/22"}],"replies":[{"embeddable":true,"href":"https:\/\/blogs2.correiobraziliense.com.br\/vicente\/wp-json\/wp\/v2\/comments?post=249"}],"version-history":[{"count":1,"href":"https:\/\/blogs2.correiobraziliense.com.br\/vicente\/wp-json\/wp\/v2\/posts\/249\/revisions"}],"predecessor-version":[{"id":250,"href":"https:\/\/blogs2.correiobraziliense.com.br\/vicente\/wp-json\/wp\/v2\/posts\/249\/revisions\/250"}],"wp:attachment":[{"href":"https:\/\/blogs2.correiobraziliense.com.br\/vicente\/wp-json\/wp\/v2\/media?parent=249"}],"wp:term":[{"taxonomy":"category","embeddable":true,"href":"https:\/\/blogs2.correiobraziliense.com.br\/vicente\/wp-json\/wp\/v2\/categories?post=249"},{"taxonomy":"post_tag","embeddable":true,"href":"https:\/\/blogs2.correiobraziliense.com.br\/vicente\/wp-json\/wp\/v2\/tags?post=249"}],"curies":[{"name":"wp","href":"https:\/\/api.w.org\/{rel}","templated":true}]}}