{"id":25,"date":"2015-01-22T08:34:00","date_gmt":"2015-01-22T10:34:00","guid":{"rendered":"https:\/\/blogs2.correiobraziliense.com.br\/vicente\/portas_abertas\/"},"modified":"2015-01-22T08:34:00","modified_gmt":"2015-01-22T10:34:00","slug":"portas_abertas","status":"publish","type":"post","link":"https:\/\/blogs2.correiobraziliense.com.br\/vicente\/portas_abertas\/","title":{"rendered":"PORTAS ABERTAS"},"content":{"rendered":"\n<p>Ainda que por meio de sinais cifrados, o Banco Central indicou ontem que o processo de alta da taxa b\u00e1sica de juros (Selic) est\u00e1 pr\u00f3ximo do fim. No m\u00e1ximo, o Comit\u00ea de Pol\u00edtica Monet\u00e1ria (Copom) deve promover mais um aumento de 0,25 ponto percentual, de 12,25% para 12,50% ao ano. Dentro do BC, a percep\u00e7\u00e3o \u00e9 de que os juros est\u00e3o elevados demais para uma economia que est\u00e1 \u00e0 beira da recess\u00e3o. <\/p>\n<p>A explica\u00e7\u00e3o de t\u00e9cnicos da autoridade monet\u00e1ria \u00e9 de que n\u00e3o havia outra sa\u00edda. A infla\u00e7\u00e3o est\u00e1 muito acima do toler\u00e1vel e vai continuar subindo ao longo deste primeiro semestre, com risco de estourar o teto da meta no fim de 2015, por causa do tarifa\u00e7o anunciado pelo governo. Diante desse quadro, o BC n\u00e3o poderia ter um comportamento t\u00edmido, pois enterraria de vez a credibilidade que tenta reconstruir a todo custo. <\/p>\n<p>O BC acredita, por\u00e9m, que, com a alta de 1,25 ponto desde outubro do ano passado, mais o poss\u00edvel aumento de 0,25 ponto em mar\u00e7o, j\u00e1 ter\u00e1 dado a sua contribui\u00e7\u00e3o para levar, gradualmente, a infla\u00e7\u00e3o ao centro da meta, de 4,5%. Agora, acredita a autoridade monet\u00e1ria, n\u00e3o h\u00e1 mais a necessidade de um choque de juros, uma vez que o governo demonstrou, com vigor, que far\u00e1 um ajuste fiscal consistente, \u201csem remendos\u201d, como destacou o ministro da Fazenda, Joaquim Levy. <\/p>\n<p>A vis\u00e3o de hoje do BC n\u00e3o significa, por\u00e9m, que o time comandando por Alexandre Tombini se intimidar\u00e1 em pesar as m\u00e3os nos juros em mar\u00e7o ou mesmo em abril, caso a infla\u00e7\u00e3o d\u00ea sinais de descontrole. Por isso mesmo, as portas foram mantidas abertas por meio do lac\u00f4nico comunicado p\u00f3s-reuni\u00e3o do Copom, de que est\u00e1 avaliando o cen\u00e1rio macroecon\u00f4mico e as perspectivas para a infla\u00e7\u00e3o. <\/p>\n<p>Na vis\u00e3o do professor Sim\u00e3o Davi Silber, da Universidade de S\u00e3o Paulo (USP), certamente o BC poderia ter anunciado ontem queda dos juros, movimento que se tem observado em boa parte do mundo, se a economia brasileira estivesse em boas condi\u00e7\u00f5es. \u201cInfelizmente, o que vemos no Brasil \u00e9 um circo de horrores. E o aumento da Selic faz parte do pacote de medidas corretivas. Neste momento, a prioridade \u00e9 restabelecer a confian\u00e7a de que o Copom realmente est\u00e1 compromissado em levar a infla\u00e7\u00e3o para o centro da meta, o que n\u00e3o se percebeu no primeiro mandato da presidente Dilma\u201d, afirma. <\/p>\n<p>Tudo indica, pelas contas de Sim\u00e3o, que a infla\u00e7\u00e3o passar\u00e1 dos 7% ainda neste in\u00edcio de ano, pois h\u00e1 uma onda de aumentos de pre\u00e7os que n\u00e3o se esgotar\u00e1 t\u00e3o cedo. Desde setembro do ano passado, o d\u00f3lar subiu 16%, encarecendo os produtos importados. A moeda norte-americana impacta o pre\u00e7o da carne, da soja e da energia el\u00e9trica, j\u00e1 que a eletricidade vendida pela hidrel\u00e9trica de Itaipu \u00e9 dolarizada. A luz subir\u00e1 tamb\u00e9m porque o governo decidiu repassar para os consumidores os erros que cometeu no setor. E h\u00e1 os aumentos de impostos e dos combust\u00edveis. \u201cPortanto, n\u00e3o h\u00e1 como o BC ficar pass\u00edvel perante esse quadro\u201d, assinala. <\/p>\n<p><b>No Planalto, conformismo<\/b> <\/p>\n<p>Dentro do Pal\u00e1cio do Planalto, o clima \u00e9 de conformismo. A presidente Dilma parece ter entendido que, em economia, se pode ter benef\u00edcios de curto prazo, mas o custo real vem depois, e pesado. \u00c9 o caso da energia el\u00e9trica. Em 2012, \u00e0s v\u00e9speras da elei\u00e7\u00e3o municipal e com o intuito de ajudar a candidatura de Fernando Haddad, do PT, \u00e0 prefeitura de S\u00e3o Paulo, a chefe do Executivo foi \u00e0 televis\u00e3o anunciar que reduziria a tarifa el\u00e9trica em 20%, na m\u00e9dia. E o fez no ano seguinte. A fatura, por\u00e9m, chegou em 2014, quando a conta de luz aumentou, em m\u00e9dia, 17%. Agora, fala-se em alta entre 30% e 40%. \u201cA verdade \u00e9 cruel. O que nos resta, neste momento, \u00e9 esperar para colher os frutos dos ajustes feitos por Levy. E esperamos que sejam muitos e saborosos\u201d, diz um auxiliar da presidente.<b> <\/p>\n<p><\/b><b>Bancos v\u00e3o cobrar mais<\/b> <\/p>\n<p>\u00bb Antes mesmo de o Comit\u00ea de Pol\u00edtica Monet\u00e1ria anunciar o aumento de 0,5 ponto percentual na Selic, os bancos j\u00e1 estavam ajustando as tabelas de juros cobrados dos consumidores. A perspectiva \u00e9 de que, j\u00e1 na pr\u00f3xima segunda-feira, aqueles que forem \u00e0s ag\u00eancias paguem bem mais caro pelos empr\u00e9stimos. <\/p>\n<p><b>Medo de calote<\/b> <\/p>\n<p>\u00bb A ordem dos bancos, no entanto, \u00e9 ser muito seletivos na concess\u00e3o de cr\u00e9dito. H\u00e1 o temor de que, com o tarifa\u00e7o anunciado pelo governo mais os impostos tradicionais de in\u00edcio de ano, o calote dispare. <\/p>\n<p><b>Ajuda da Petrobras<\/b> <\/p>\n<p>\u00bb Os mais otimistas do governo acreditam que a Petrobras dar\u00e1 uma ajuda ao Banco Central no fim do ano, para que a infla\u00e7\u00e3o feche abaixo do teto da meta. Com o petr\u00f3leo em baixa, a gasolina \u00e9&nbsp; vendida at\u00e9 60% acima do mercado internacional, ajudando a estatal a recompor o caixa. Em novembro ou dezembro, no entanto, a empresa reduziria os pre\u00e7os do combust\u00edvel. <\/p>\n<p><b>Mudan\u00e7a de Barbosa<\/b> <\/p>\n<p>\u00bb O ministro do Planejamento, Nelson Barbosa, decidiu fixar resid\u00eancia em Bras\u00edlia. Ele est\u00e1 trazendo a mulher e o filho de S\u00e3o Paulo para a capital do pa\u00eds. <\/p>\n<p><i>Bras\u00edlia, 08h35min<\/i>   <\/p>\n","protected":false},"excerpt":{"rendered":"<p>Ainda que por meio de sinais cifrados, o Banco Central indicou ontem que o processo de alta da taxa b\u00e1sica de juros (Selic) est\u00e1 pr\u00f3ximo do fim. No m\u00e1ximo, o Comit\u00ea de Pol\u00edtica Monet\u00e1ria (Copom) deve promover mais um aumento de 0,25 ponto percentual, de 12,25% para 12,50% ao ano. Dentro do BC, a percep\u00e7\u00e3o [&hellip;]<\/p>\n","protected":false},"author":22,"featured_media":0,"comment_status":"open","ping_status":"open","sticky":false,"template":"","format":"standard","meta":{"wpb_read_more":[],"footnotes":""},"categories":[1],"tags":[],"class_list":["post-25","post","type-post","status-publish","format-standard","hentry","category-sem-categoria"],"_links":{"self":[{"href":"https:\/\/blogs2.correiobraziliense.com.br\/vicente\/wp-json\/wp\/v2\/posts\/25","targetHints":{"allow":["GET"]}}],"collection":[{"href":"https:\/\/blogs2.correiobraziliense.com.br\/vicente\/wp-json\/wp\/v2\/posts"}],"about":[{"href":"https:\/\/blogs2.correiobraziliense.com.br\/vicente\/wp-json\/wp\/v2\/types\/post"}],"author":[{"embeddable":true,"href":"https:\/\/blogs2.correiobraziliense.com.br\/vicente\/wp-json\/wp\/v2\/users\/22"}],"replies":[{"embeddable":true,"href":"https:\/\/blogs2.correiobraziliense.com.br\/vicente\/wp-json\/wp\/v2\/comments?post=25"}],"version-history":[{"count":0,"href":"https:\/\/blogs2.correiobraziliense.com.br\/vicente\/wp-json\/wp\/v2\/posts\/25\/revisions"}],"wp:attachment":[{"href":"https:\/\/blogs2.correiobraziliense.com.br\/vicente\/wp-json\/wp\/v2\/media?parent=25"}],"wp:term":[{"taxonomy":"category","embeddable":true,"href":"https:\/\/blogs2.correiobraziliense.com.br\/vicente\/wp-json\/wp\/v2\/categories?post=25"},{"taxonomy":"post_tag","embeddable":true,"href":"https:\/\/blogs2.correiobraziliense.com.br\/vicente\/wp-json\/wp\/v2\/tags?post=25"}],"curies":[{"name":"wp","href":"https:\/\/api.w.org\/{rel}","templated":true}]}}