{"id":251,"date":"2015-10-29T00:16:09","date_gmt":"2015-10-29T02:16:09","guid":{"rendered":"https:\/\/blogs2.correiobraziliense.com.br\/vicente\/?p=251"},"modified":"2015-11-03T17:19:40","modified_gmt":"2015-11-03T19:19:40","slug":"vitimas-da-incompetencia","status":"publish","type":"post","link":"https:\/\/blogs2.correiobraziliense.com.br\/vicente\/vitimas-da-incompetencia\/","title":{"rendered":"V\u00cdTIMAS DA INCOMPET\u00caNCIA"},"content":{"rendered":"<p>A crise pol\u00edtica e a incapacidade do governo de dar um rumo ao pa\u00eds est\u00e3o devastando o or\u00e7amento das fam\u00edlias. Pesquisa que a Confedera\u00e7\u00e3o Nacional do Com\u00e9rcio (CNC) divulga hoje mostra um forte aumento no n\u00famero de lares que se dizem sem condi\u00e7\u00f5es de pagar as contas em dia. As dificuldades est\u00e3o generalizadas tanto entre as fam\u00edlias que ganham at\u00e9 10 sal\u00e1rios m\u00ednimos por m\u00eas quanto entre as que t\u00eam renda superior a 10 m\u00ednimos.<\/p>\n<p>Em outubro de 2014, segundo a CNC, 17,4% afirmavam estar com d\u00edvidas em atraso e 5,4% se declaravam incapacitadas para honrar os compromissos assumidos, pois tinham chegado ao limite. Agora, 23,1% est\u00e3o com contas vencidas e n\u00e3o pagas e 8,5% jogaram a toalha simplesmente porque n\u00e3o t\u00eam dinheiro para quase nada. Esse quadro preocupante, diz a economista Marianne Hanson, ainda vai piorar muito, sobretudo no primeiro semestre de 2016.<\/p>\n<p>At\u00e9 o meio deste ano, o maior vil\u00e3o do or\u00e7amento das fam\u00edlias era a infla\u00e7\u00e3o. Mas, com o aprofundamento da recess\u00e3o, muitas empresas passaram a demitir. E o desemprego disparou. \u201cA infla\u00e7\u00e3o come uma parte da renda dos trabalhadores e eles v\u00e3o acomodando os gastos. Sem emprego, por\u00e9m, n\u00e3o h\u00e1 dinheiro para nada\u201d, explica Marianne. Por isso, a situa\u00e7\u00e3o atual \u00e9 muito mais complicada e duradoura.<\/p>\n<p>H\u00e1 outro agravante. No ano passado, quando a infla\u00e7\u00e3o ainda estava contida, porque o governo represava as tarifas p\u00fablicas, muitas fam\u00edlias optaram por usar o d\u00e9cimo-terceiro sal\u00e1rio para pagar d\u00edvidas. Por isso, o total de lares endividados caiu naquele per\u00edodo. Neste momento, nem o rendimento extra ser\u00e1 suficiente para dar o al\u00edvio esperado. As d\u00edvidas aumentaram muito, ficaram mais caras, muitos perderam o emprego e a carestia, que est\u00e1 em 10%, continuou castigando.<\/p>\n<p><strong>Desordem<\/strong><\/p>\n<p>Como era de se esperar, s\u00e3o as fam\u00edlias com renda de at\u00e9 10 sal\u00e1rios m\u00ednimos as que mais sofrem com a desordem econ\u00f4mica do pa\u00eds. Em outubro do ano passado, 19,7% delas informavam estar com d\u00edvidas em atraso. Neste m\u00eas, s\u00e3o 26%. \u201cTrata-se do grupo mais vulner\u00e1vel, pois n\u00e3o tem capacidade de poupan\u00e7a para enfrentar adversidades e o or\u00e7amento \u00e9 mais apertado para cortar gastos\u201d, frisa Marianne. N\u00e3o \u00e9 s\u00f3. A maior parte do dinheiro dessas fam\u00edlias vai para a compra de alimentos e o aluguel. E \u00e9 entra elas que o desemprego mais cresce.<\/p>\n<p>Na avalia\u00e7\u00e3o da economista da CNC, ainda que o total de fam\u00edlias que dizem estar com d\u00edvidas em atraso, de 23,1%, seja menor do que o pico verificado em 2010, de 29,1%, a realidade hoje \u00e9 mais complicada. A infla\u00e7\u00e3o naquele momento era mais baixa, o pa\u00eds crescia a um ritmo forte, com aumento do emprego e da renda, e havia espa\u00e7o para se livrar do excesso de endividamento estimulado pelo governo.<\/p>\n<p>Desde o in\u00edcio deste ano, o desemprego na seis principais regi\u00f5es metropolitanas do pa\u00eds saltou de 4,3% para 7,6%. A cada hora, diz o Minist\u00e9rio do Trabalho, 100 pessoas est\u00e3o perdendo o emprego no pa\u00eds, incluindo s\u00e1bados, domingos e feriados. A tend\u00eancia, com o agravamento da recess\u00e3o, \u00e9 de que as demiss\u00f5es se acelerem. \u201cToda a conjuntura macroecon\u00f4mica est\u00e1 jogando contra os trabalhadores. N\u00e3o h\u00e1 melhora \u00e0 vista\u201d, assinala Marianne.<\/p>\n<p>Ela ressalta que, na compara\u00e7\u00e3o de outubro deste ano com o mesmo m\u00eas de 2014, o total de fam\u00edlias com d\u00edvidas aumentou de 60,2% para 62,1%. Quando comparado a setembro \u00faltimo (63,5%), houve uma melhora, mas nem isso serve de alento, dadas \u00e0s perspectivas para o pa\u00eds. \u201cO recuo foi conjuntural. N\u00e3o se pode esquecer que as d\u00edvidas contra\u00eddas nos \u00faltimos meses s\u00e3o muitos mais caras, o que dificulta o pagamento. A tend\u00eancia \u00e9 de a inadimpl\u00eancia aumentar\u201d, frisa.<\/p>\n<p><strong>Surreal<\/strong><\/p>\n<p>Para t\u00e9cnicos do governo, as fam\u00edlias v\u00e3o pagar caro pelo desastre que foi o primeiro mandato da presidente Dilma Rousseff. Ela n\u00e3o s\u00f3 permitiu que a infla\u00e7\u00e3o voltasse, como destruiu as contas p\u00fablicas, a ponto de a equipe econ\u00f4mica n\u00e3o saber hoje qual o tamanho do rombo deste ano. No papel, estima um buraco de R$ 51,8 bilh\u00f5es, mas h\u00e1 tantas pend\u00eancias que podem levar o deficit para mais de R$ 100 bilh\u00f5es e, pior, comprometer todo o ajuste de 2016.<\/p>\n<p>\u201cNem parece que, nos \u00faltimos anos, vivemos em uma economia estabilizada\u201d, afirma um t\u00e9cnico graduado da Esplanada dos Minist\u00e9rios. \u201cDe um lado, o Banco Central diz que n\u00e3o sabe quando poder\u00e1 levar a infla\u00e7\u00e3o para o centro da meta, de 4,5%. De outro, nem o Planejamento nem a Fazenda conseguem dizer como est\u00e1 a situa\u00e7\u00e3o das contas p\u00fablicas. \u00c9 surreal\u201d, acrescenta.<\/p>\n<p>Em meio a tantas d\u00favidas, o pa\u00eds vai afundando. \u201cAs empresas adiam os investimentos e as fam\u00edlias, o consumo\u201d, diz Marianne Hanson. O resultado \u00e9 mais recess\u00e3o, mais desemprego e mais calote nas d\u00edvidas. Portanto, seria muito bom se Dilma ca\u00edsse na real e assumisse o governo para o qual foi eleita a fim de dar um ar de esperan\u00e7a ao pa\u00eds. Mas nada indica que ela o far\u00e1. A presidente simplesmente n\u00e3o sabe o que fazer para tirar o Brasil da enrascada que ela o meteu.<\/p>\n","protected":false},"excerpt":{"rendered":"<p>A crise pol\u00edtica e a incapacidade do governo de dar um rumo ao pa\u00eds est\u00e3o devastando o or\u00e7amento das fam\u00edlias. Pesquisa que a Confedera\u00e7\u00e3o Nacional do Com\u00e9rcio (CNC) divulga hoje mostra um forte aumento no n\u00famero de lares que se dizem sem condi\u00e7\u00f5es de pagar as contas em dia. As dificuldades est\u00e3o generalizadas tanto entre [&hellip;]<\/p>\n","protected":false},"author":22,"featured_media":0,"comment_status":"closed","ping_status":"closed","sticky":false,"template":"","format":"standard","meta":{"wpb_read_more":[],"footnotes":""},"categories":[1],"tags":[],"class_list":["post-251","post","type-post","status-publish","format-standard","hentry","category-sem-categoria"],"_links":{"self":[{"href":"https:\/\/blogs2.correiobraziliense.com.br\/vicente\/wp-json\/wp\/v2\/posts\/251","targetHints":{"allow":["GET"]}}],"collection":[{"href":"https:\/\/blogs2.correiobraziliense.com.br\/vicente\/wp-json\/wp\/v2\/posts"}],"about":[{"href":"https:\/\/blogs2.correiobraziliense.com.br\/vicente\/wp-json\/wp\/v2\/types\/post"}],"author":[{"embeddable":true,"href":"https:\/\/blogs2.correiobraziliense.com.br\/vicente\/wp-json\/wp\/v2\/users\/22"}],"replies":[{"embeddable":true,"href":"https:\/\/blogs2.correiobraziliense.com.br\/vicente\/wp-json\/wp\/v2\/comments?post=251"}],"version-history":[{"count":2,"href":"https:\/\/blogs2.correiobraziliense.com.br\/vicente\/wp-json\/wp\/v2\/posts\/251\/revisions"}],"predecessor-version":[{"id":253,"href":"https:\/\/blogs2.correiobraziliense.com.br\/vicente\/wp-json\/wp\/v2\/posts\/251\/revisions\/253"}],"wp:attachment":[{"href":"https:\/\/blogs2.correiobraziliense.com.br\/vicente\/wp-json\/wp\/v2\/media?parent=251"}],"wp:term":[{"taxonomy":"category","embeddable":true,"href":"https:\/\/blogs2.correiobraziliense.com.br\/vicente\/wp-json\/wp\/v2\/categories?post=251"},{"taxonomy":"post_tag","embeddable":true,"href":"https:\/\/blogs2.correiobraziliense.com.br\/vicente\/wp-json\/wp\/v2\/tags?post=251"}],"curies":[{"name":"wp","href":"https:\/\/api.w.org\/{rel}","templated":true}]}}