{"id":28,"date":"2015-01-23T13:00:00","date_gmt":"2015-01-23T15:00:00","guid":{"rendered":"https:\/\/blogs2.correiobraziliense.com.br\/vicente\/brasil_criou_menos_de_400_mil_empregos_em_2014_diz_ministro\/"},"modified":"2015-01-23T13:00:00","modified_gmt":"2015-01-23T15:00:00","slug":"brasil_criou_menos_de_400_mil_empregos_em_2014_diz_ministro","status":"publish","type":"post","link":"https:\/\/blogs2.correiobraziliense.com.br\/vicente\/brasil_criou_menos_de_400_mil_empregos_em_2014_diz_ministro\/","title":{"rendered":"BRASIL CRIOU MENOS DE 400 MIL EMPREGOS EM 2014, DIZ MINISTRO"},"content":{"rendered":"\n<p>&gt;&gt; ANTONIO TEM\u00d3TEO E B\u00c1RBARA NASCIMENTO <\/p>\n<p>O ministro do Trabalho, Manoel Dias, admite que o estoque de empregados com carteira assinada cresceu menos de 1% em 2014. A pequena expans\u00e3o indica que foram abertas menos de 400 mil vagas no ano passado, o pior resultado desde 1999. Naquele ano, o saldo entre admiss\u00f5es e desligamentos foi negativo em 196 mil postos. O n\u00famero oficial do Cadastro Geral de Empregados e Desempregados (Caged) ser\u00e1 divulgado hoje.Em rela\u00e7\u00e3o a 2013, a cria\u00e7\u00e3o de vagas encolheu mais de 64%. O n\u00famero ruim se confirmou porque, em dezembro, foram fechados 538 mil postos com carteira assinada. Mesmo com a piora do mercado de trabalho, Dias avalia que as medidas tomadas pelo governo, que implicaram alta de juros, de impostos e de pre\u00e7os de energia el\u00e9trica, colocar\u00e3o o pa\u00eds de volta aos trilhos do crescimento econ\u00f4mico.Dias destaca ainda que as mudan\u00e7as nas regras de concess\u00e3o de seguro-desemprego e abono-salarial ser\u00e3o importantes para reduzir a rotatividade do mercado sem retirar direitos dos trabalhadores. Confira abaixo os principais trechos da entrevista exclusiva que o ministro concedeu ao Correio. <\/p>\n<p>O ano passado foi ruim para o mercado de trabalho. O minist\u00e9rio projetou a cria\u00e7\u00e3o de 1 milh\u00e3o de empregos em 2014, mas a meta n\u00e3o foi atingida. O que ocorreu?O ano de 2014 foi at\u00edpico. Primeiro, tivemos a Copa do Mundo, em que se empreendeu uma campanha negativa de que o evento n\u00e3o aconteceria. Al\u00e9m disso, a produ\u00e7\u00e3o nacional e as vendas encolheram com menos dias \u00fateis. Nas cidades sedes, foram v\u00e1rios os feriados e todos estavam ligados no futebol. Isso afetou o mercado de trababalho. Em seguida, tivemos as elei\u00e7\u00f5es, com um debate muito efervescente. Aqueles que perderam o pleito mantiveram uma oposi\u00e7\u00e3o r\u00edgida e continuaram uma campanha de afirma\u00e7\u00e3o de que o Brasil estava em crise. Tudo isso influenciou negativamente a atividade econ\u00f4mica, os planos de investimento e a expans\u00e3o de empresas. Mas nem por isso o Brasil deixou de criar empregos. <\/p>\n<p>Como foi a gera\u00e7\u00e3o de vagas em dezembro?Dezembro \u00e9 um m\u00eas em que, historicamente, s\u00e3o extintos milhares de postos de trabalhos. Vamos ter, como nos outros anos, um n\u00famero expressivo de redu\u00e7\u00e3o. Mas, ainda assim, o estoque de empregados cresceu 1% ao longo do ano. A gera\u00e7\u00e3o total de empregos foi maior que o crescimento do Produto Interno Bruto (PIB). <\/p>\n<p>O ministro da Fazenda, Joaquim Levy , admitiu a possibilidade de contra\u00e7\u00e3o da atividade econ\u00f4mica no primeiro trimestre de 2015. Nesse contexto, o que ocorrer\u00e1 com o mercado de trabalho?Passamos por um momento de medidas corretivas para adequar a economia \u00e0 nova realidade. Existem setores com previs\u00e3o de investimento para segurar a cria\u00e7\u00e3o de empregos. Foram concedidos mais de 4 mil quil\u00f4metros de rodovias que precisar\u00e3o de trabalhadores. Os investimentos em portos ultrapassar\u00e3o R$ 17 bilh\u00f5es. O setor de petr\u00f3leo e g\u00e1s prev\u00ea que ser\u00e3o investidos R$ 50 bilh\u00f5es e haver\u00e1 abertura de vagas. O investimento estrangeiro tamb\u00e9m ultrapassar\u00e1 US$ 60 bilh\u00f5es em 2015. Ent\u00e3o, podemos esperar um resultado positivo para o ano. <\/p>\n<p>Como o governo convencer\u00e1 as centrais&nbsp; de que as mudan\u00e7as no seguro-desemprego e&nbsp; no abono salarial s\u00e3o importantes para o ajuste das contas p\u00fablicas?Eu e os ministros da Previd\u00eancia Social, do Planejamento e da Secretaria-Geral da Presid\u00eancia da Rep\u00fablica estivemos em S\u00e3o Paulo para apresentar \u00e0s centrais as medidas enviadas ao Congresso. Expusemos os objetivos dos ajustes nas concess\u00f5es. As centrais ouviram e colocaram as suas preocupa\u00e7\u00f5es. \u00c9 natural que estejam permanentemente preocupadas com a manuten\u00e7\u00e3o dos direitos trabalhistas, com a gera\u00e7\u00e3o de emprego e com o aumento real do sal\u00e1rio m\u00ednimo. Amanh\u00e3 (hoje, sexta-feira), elas nos apresentar\u00e3o propostas e n\u00f3s devemos ter uma nova reuni\u00e3o em 3 de fevereiro para continuar o di\u00e1logo. O governo j\u00e1 sinalizou que est\u00e1 sempre disposto a conversar. <\/p>\n<p>O governo pretende voltar atr\u00e1s em alguma medida?N\u00e3o se trata de voltar atr\u00e1s; trata-se de dialogar. A partir da proposta das centrais vamos estabelecer o di\u00e1logo e a\u00ed faremos nossas avalia\u00e7\u00f5es. <\/p>\n<p>As centrais prometeram ir \u00e0 Justi\u00e7a contra as medidas e dificultar a tramita\u00e7\u00e3o no Congresso. O senhor teme que o texto n\u00e3o seja aprovado?No Congresso, tamb\u00e9m teremos um amplo debate, como \u00e9 da natureza do Legislativo. L\u00e1 \u00e9 o campo pol\u00edtico de discuss\u00e3o e aprova\u00e7\u00e3o dessas medidas. Devemos participar, prestar todos os esclarecimentos necess\u00e1rios, e o resultado ser\u00e1 democr\u00e1tico. <\/p>\n<p>As mudan\u00e7as na concess\u00e3o de benef\u00edcios s\u00e3o um retrocesso?A presidente Dilma j\u00e1 reafirmou que n\u00e3o haver\u00e1 retrocesso. A proposta do governo pretende adequar problemas identificados. N\u00f3s temos discutido h\u00e1 mais de um ano, no Conselho Deliberativo do FAT (Codefat), a sa\u00fade financeira do fundo. N\u00f3s, como gestores, temos a responsabilidade de gerir o FAT com compet\u00eancia para que ele n\u00e3o acumule preju\u00edzos que impliquem perda dos direitos do trabalhador. Vivemos um momento de alta rotatividade no mercado que \u00e9 anormal. Mas tamb\u00e9m dobramos o n\u00famero de trabalhadores com carteira assinada. <\/p>\n<p>Outras mudan\u00e7as est\u00e3o em discuss\u00e3o?N\u00e3o creio. Mas haver\u00e1 mudan\u00e7as no sentido de criar mecanismos para combater a rotatividade. <\/p>\n<p>Bras\u00edlia, 12h59min   <\/p>\n","protected":false},"excerpt":{"rendered":"<p>&gt;&gt; ANTONIO TEM\u00d3TEO E B\u00c1RBARA NASCIMENTO O ministro do Trabalho, Manoel Dias, admite que o estoque de empregados com carteira assinada cresceu menos de 1% em 2014. A pequena expans\u00e3o indica que foram abertas menos de 400 mil vagas no ano passado, o pior resultado desde 1999. Naquele ano, o saldo entre admiss\u00f5es e desligamentos [&hellip;]<\/p>\n","protected":false},"author":22,"featured_media":0,"comment_status":"open","ping_status":"open","sticky":false,"template":"","format":"standard","meta":{"wpb_read_more":[],"footnotes":""},"categories":[1],"tags":[],"class_list":["post-28","post","type-post","status-publish","format-standard","hentry","category-sem-categoria"],"_links":{"self":[{"href":"https:\/\/blogs2.correiobraziliense.com.br\/vicente\/wp-json\/wp\/v2\/posts\/28","targetHints":{"allow":["GET"]}}],"collection":[{"href":"https:\/\/blogs2.correiobraziliense.com.br\/vicente\/wp-json\/wp\/v2\/posts"}],"about":[{"href":"https:\/\/blogs2.correiobraziliense.com.br\/vicente\/wp-json\/wp\/v2\/types\/post"}],"author":[{"embeddable":true,"href":"https:\/\/blogs2.correiobraziliense.com.br\/vicente\/wp-json\/wp\/v2\/users\/22"}],"replies":[{"embeddable":true,"href":"https:\/\/blogs2.correiobraziliense.com.br\/vicente\/wp-json\/wp\/v2\/comments?post=28"}],"version-history":[{"count":0,"href":"https:\/\/blogs2.correiobraziliense.com.br\/vicente\/wp-json\/wp\/v2\/posts\/28\/revisions"}],"wp:attachment":[{"href":"https:\/\/blogs2.correiobraziliense.com.br\/vicente\/wp-json\/wp\/v2\/media?parent=28"}],"wp:term":[{"taxonomy":"category","embeddable":true,"href":"https:\/\/blogs2.correiobraziliense.com.br\/vicente\/wp-json\/wp\/v2\/categories?post=28"},{"taxonomy":"post_tag","embeddable":true,"href":"https:\/\/blogs2.correiobraziliense.com.br\/vicente\/wp-json\/wp\/v2\/tags?post=28"}],"curies":[{"name":"wp","href":"https:\/\/api.w.org\/{rel}","templated":true}]}}