{"id":30,"date":"2015-01-24T00:01:00","date_gmt":"2015-01-24T02:01:00","guid":{"rendered":"https:\/\/blogs2.correiobraziliense.com.br\/vicente\/o_pior_de_dilma\/"},"modified":"2015-01-24T00:01:00","modified_gmt":"2015-01-24T02:01:00","slug":"o_pior_de_dilma","status":"publish","type":"post","link":"https:\/\/blogs2.correiobraziliense.com.br\/vicente\/o_pior_de_dilma\/","title":{"rendered":"O PIOR DE DILMA"},"content":{"rendered":"\n<p>Os dados da economia referentes a 2104 s\u00e3o o resumo do que foi o primeiro mandato da presidente Dilma Rousseff. Em poucos momentos da hist\u00f3ria do pa\u00eds se viu uma piora t\u00e3o expressiva dos indicadores em t\u00e3o curto espa\u00e7o de tempo. Nada, nem mesmo o n\u00edvel de emprego formal, que o governo petista sempre bateu no peito para alardear como conquista sua, conseguiu se manter intacto. <\/p>\n<p>No passado, o total de vagas criadas \u2014396.993 \u2014 foi o menor em 12 anos. Quando se olha para a frente, o que se v\u00ea \u00e9 desemprego. N\u00e3o h\u00e1 um s\u00f3 economista de respeito, mesmo do governo, que n\u00e3o projete mais demiss\u00f5es do que contrata\u00e7\u00f5es ao longo de 2015. Na semana que vem, sair\u00e1 o \u00edndice de desocupa\u00e7\u00e3o de dezembro. O resultado mostrar\u00e1 o in\u00edcio de uma lenta, mas gradual, deteriora\u00e7\u00e3o do mercado de trabalho. A perspectiva \u00e9 de que a taxa m\u00e9dia de desemprego nas seis principais regi\u00f5es metropolitanas do pa\u00eds fique constantemente acima de 5% a partir de janeiro. <\/p>\n<p>A cole\u00e7\u00e3o do pior de Dilma ficou maior com o rombo das contas externas. O buraco, de US$ 90,9 bilh\u00f5es nas transa\u00e7\u00f5es do pa\u00eds com o exterior, n\u00e3o tem precedentes em 67 anos. Quando se olha para o deficit em rela\u00e7\u00e3o ao Produto Interno Bruto (PIB), chega-se a 4,2%, o pior desde 2001, ano do fat\u00eddico racionamento de energia el\u00e9trica. Desde a crise cambial de 1999, o pa\u00eds nunca dependeu tanto de capital especulativo de curto prazo para fechar as contas. \u00c9 essa depend\u00eancia, por sinal, que faz com que a economia brasileira seja apontada como uma das cinco mais fr\u00e1geis do mundo ao aumento das taxas de juros nos Estados Unidos. <\/p>\n<p>Na pr\u00f3xima semana, ser\u00e1 a vez de o Tesouro Nacional selar o desastre do primeiro mandato de Dilma: as contas p\u00fablicas registrar\u00e3o, em 2014, o primeiro deficit desde 1997, quando o pa\u00eds assumiu o compromisso formal de fazer superavits prim\u00e1rios para pagar juros da d\u00edvida. O Banco Santander acredita que o rombo ser\u00e1 de R$ 11,2 bilh\u00f5es, o equivalente a 0,22% do PIB. Gente do governo aposta, por\u00e9m, que o buraco pode ser maior, de R$ 20 bilh\u00f5es. Seja qual for o resultado, ser\u00e1 vergonhoso. S\u00f3 comprovar\u00e1 o quanto a passagem de Arno Augustin pelo Tesouro fez mal ao pa\u00eds. Al\u00e9m de destruir o ajuste fiscal, ele minou a confian\u00e7a na pol\u00edtica econ\u00f4mica e travou o crescimento. <\/p>\n<p>Todos sabem que Dilma n\u00e3o \u00e9 de assumir erros. Pelo menos, n\u00e3o publicamente. Mas, nesse per\u00edodo de reclus\u00e3o que tanto tem chamado a aten\u00e7\u00e3o, ela poderia fazer um balan\u00e7o do que foi a gest\u00e3o anterior e jamais repetir nenhum dos erros que custar\u00e3o t\u00e3o caro para o Brasil. A fatura entregue por ela \u00e0 sociedade inclui recess\u00e3o, um PIB negativo de ao menos 0,5% em 2015, desemprego, aumento das desigualdades sociais, mais impostos, infla\u00e7\u00e3o acima do limite de toler\u00e2ncia e tarifas p\u00fablicas nas alturas. <\/p>\n<p>Diante do caos provocado por Dilma, t\u00e9cnicos do governo dizem que o melhor a se fazer \u00e9 n\u00e3o olhar para tr\u00e1s. O importante, ressaltam, \u00e9 ter paci\u00eancia para esperar por 2016. No pr\u00f3ximo ano, se as medidas adotadas pela nova equipe econ\u00f4mica derem certo, o PIB mostrar\u00e1 sinais de vida. N\u00e3o ser\u00e1, por\u00e9m, nada que leve a comemora\u00e7\u00f5es. Os brasileiros ainda estar\u00e3o contabilizando os estragos no or\u00e7amento. E, por bem, manter\u00e3o o cinto apertado. <\/p>\n<p>Pura engana\u00e7\u00e3o <\/p>\n<p>A lista do pior de Dilma n\u00e3o pode ficar sem o racionamento. Durante a campanha \u00e0 reelei\u00e7\u00e3o, ela negou veementemente que o pa\u00eds seria obrigado a economizar energia para evitar apag\u00f5es. Disse que o pa\u00eds jamais repetiria o que se viu em 2001, quando o fornecimento de energia teve de ser reduzido para evitar um colapso. Afirmou, sem mod\u00e9stia, que a passagem dela pelo Minist\u00e9rio de Minas e Energia era a garantia de que o Brasil construiu um sistema de gera\u00e7\u00e3o e transmiss\u00e3o s\u00f3lido. Pura engana\u00e7\u00e3o. Dentro do Pal\u00e1cio do Planalto, nos gabinetes mais pr\u00f3ximos ao de Dilma, n\u00e3o se fala em outra coisa: o pa\u00eds ter\u00e1 que racionar \u00e1gua e energia, n\u00e3o h\u00e1 escapat\u00f3ria. Poucos acreditam, por\u00e9m, que a presidente ter\u00e1 coragem de assumir publicamente que errou \u2014 ou mentiu. <\/p>\n<p>Tombini indica alta de 0,25 ponto <\/p>\n<p>\u00bb Quem ouviu o discurso do presidente do Banco Central, Alexandre Tombini, em Davos, Su\u00ed\u00e7a, convenceu-se de que o Comit\u00ea de Pol\u00edtica Monet\u00e1ria (Copom) dar\u00e1 somente mais uma alta de 0,25 ponto percentual nos juros em mar\u00e7o. A taxa subir\u00e1 de 12,25% para 12,50% ao ano e dever\u00e1 se manter neste patamar at\u00e9 o fim de 2015. Tombini est\u00e1, agora, jogando parte do controle de infla\u00e7\u00e3o para a pol\u00edtica fiscal. <\/p>\n<p>Desmentidos de Levy <\/p>\n<p>\u00bb O ministro da Fazenda, Joaquim Levy, deu trabalho ontem para a sua assessoria de imprensa. Depois de levar um pito do Pal\u00e1cio do Planalto, ele obrigou a equipe a soltar dois comunicados negando que tivesse falado, em entrevistas a ve\u00edculos estrangeiros, sobre reformas em benef\u00edcios sociais, como o seguro-desemprego, e em racionamento de energia. <\/p>\n<p>D\u00edvidas nas alturas <\/p>\n<p>\u00bb A d\u00edvida externa brasileira disparou no governo Dilma. Saltou de US$ 351,9 bilh\u00f5es, em dezembro de 2010, para US$ 554,7 bilh\u00f5es. Para minimizar esses n\u00fameros, o governo diz que, do total, \u00e9 preciso descontar os empr\u00e9stimos entre companhias no mesmo grupo, de matrizes para filiais, que totalizam US$ 207 bilh\u00f5es. Mesmo assim, n\u00e3o d\u00e1 para relaxar. O Banco Central calcula que, no primeiro mandato da petista, os d\u00e9bitos no exterior passaram de US$ 256,8 bilh\u00f5es para US$ 347,6 bilh\u00f5es, puxados pelo expressivo endividamento de empresas e bancos. <\/p>\n<p>Bras\u00edlia, 00h01min   <\/p>\n","protected":false},"excerpt":{"rendered":"<p>Os dados da economia referentes a 2104 s\u00e3o o resumo do que foi o primeiro mandato da presidente Dilma Rousseff. Em poucos momentos da hist\u00f3ria do pa\u00eds se viu uma piora t\u00e3o expressiva dos indicadores em t\u00e3o curto espa\u00e7o de tempo. Nada, nem mesmo o n\u00edvel de emprego formal, que o governo petista sempre bateu [&hellip;]<\/p>\n","protected":false},"author":22,"featured_media":0,"comment_status":"open","ping_status":"open","sticky":false,"template":"","format":"standard","meta":{"wpb_read_more":[],"footnotes":""},"categories":[1],"tags":[],"class_list":["post-30","post","type-post","status-publish","format-standard","hentry","category-sem-categoria"],"_links":{"self":[{"href":"https:\/\/blogs2.correiobraziliense.com.br\/vicente\/wp-json\/wp\/v2\/posts\/30","targetHints":{"allow":["GET"]}}],"collection":[{"href":"https:\/\/blogs2.correiobraziliense.com.br\/vicente\/wp-json\/wp\/v2\/posts"}],"about":[{"href":"https:\/\/blogs2.correiobraziliense.com.br\/vicente\/wp-json\/wp\/v2\/types\/post"}],"author":[{"embeddable":true,"href":"https:\/\/blogs2.correiobraziliense.com.br\/vicente\/wp-json\/wp\/v2\/users\/22"}],"replies":[{"embeddable":true,"href":"https:\/\/blogs2.correiobraziliense.com.br\/vicente\/wp-json\/wp\/v2\/comments?post=30"}],"version-history":[{"count":0,"href":"https:\/\/blogs2.correiobraziliense.com.br\/vicente\/wp-json\/wp\/v2\/posts\/30\/revisions"}],"wp:attachment":[{"href":"https:\/\/blogs2.correiobraziliense.com.br\/vicente\/wp-json\/wp\/v2\/media?parent=30"}],"wp:term":[{"taxonomy":"category","embeddable":true,"href":"https:\/\/blogs2.correiobraziliense.com.br\/vicente\/wp-json\/wp\/v2\/categories?post=30"},{"taxonomy":"post_tag","embeddable":true,"href":"https:\/\/blogs2.correiobraziliense.com.br\/vicente\/wp-json\/wp\/v2\/tags?post=30"}],"curies":[{"name":"wp","href":"https:\/\/api.w.org\/{rel}","templated":true}]}}