{"id":34,"date":"2015-01-31T00:01:00","date_gmt":"2015-01-31T02:01:00","guid":{"rendered":"https:\/\/blogs2.correiobraziliense.com.br\/vicente\/bc_ve_queda_do_pib_em_2015\/"},"modified":"2015-01-31T00:01:00","modified_gmt":"2015-01-31T02:01:00","slug":"bc_ve_queda_do_pib_em_2015","status":"publish","type":"post","link":"https:\/\/blogs2.correiobraziliense.com.br\/vicente\/bc_ve_queda_do_pib_em_2015\/","title":{"rendered":"BC V\u00ca QUEDA DO PIB EM 2015"},"content":{"rendered":"\n<p>O Banco Central j\u00e1 admite, internamente, que o Produto Interno Bruto (PIB) deste ano registrar\u00e1 queda, para desespero do Pal\u00e1cio do Planalto. Auxiliares do presidente da institui\u00e7\u00e3o, Alexandre Tombini, que monitoram os indicadores da atividade econ\u00f4mica, asseguram que os n\u00fameros est\u00e3o ruins e v\u00e3o piorar muito nos pr\u00f3ximos meses. Mesmo assim, o BC manter\u00e1 o aperto monet\u00e1rio, com mais uma alta de pelo menos 0,25 ponto percentual na taxa b\u00e1sica de juros (Selic) na reuni\u00e3o de mar\u00e7o do Comit\u00ea de Pol\u00edtica Monet\u00e1ria (Copom).   <\/p>\n<p>A palavra que mais se ouviu nos \u00faltimos dias nos corredores do BC foi cautela. Todas as pessoas que transitaram pelo alto escal\u00e3o do banco ficaram convencidas de que n\u00e3o h\u00e1 como o Copom pesar demais a m\u00e3o da Selic, com a economia indo para o buraco. A taxa est\u00e1 em 12,25% ao ano, um n\u00edvel elevad\u00edssimo quando se olha para o restante do mundo. Nesse contexto, os diretores da autoridade monet\u00e1ria reconhecem que os juros s\u00f3 subir\u00e3o mais por uma \u00fanica raz\u00e3o: a necessidade de resgatar a credibilidade da pol\u00edtica monet\u00e1ria.   <\/p>\n<p>Para os diretores do BC, \u00e9 preciso ficar atento: se a infla\u00e7\u00e3o vai piorar muito neste primeiro trimestre, atingindo at\u00e9 7,4% no acumulado de 12 meses, o estrago na atividade ser\u00e1 muito maior. Por isso, a necessidade de cautela. \u201cA prioridade do Copom neste momento \u00e9 combater os choques de oferta. Essa \u00e9 a nossa primeira batalha. H\u00e1 uma dissemina\u00e7\u00e3o de reajustes, sobretudo das tarifas p\u00fablicas, que contaminar\u00e3o os demais pre\u00e7os da economia\u201d, explicou, a interlocutores, um dos auxiliares mais pr\u00f3ximos de Tombini. \u201cE vamos faz\u00ea-lo, mesmo com a atividade em contra\u00e7\u00e3o\u201d, emendou, com a ressalva de que a maior parte do aperto monet\u00e1rio j\u00e1 foi executada. A meta \u00e9 ver a infla\u00e7\u00e3o cedendo a partir do segundo semestre.   <\/p>\n<p>No quadro tra\u00e7ado pelo BC, tudo jogar\u00e1 contra o ritmo da atividade neste ano. O arrocho fiscal prometido pelo ministro da Fazenda, Joaquim Levy, dentro do projeto de reconstru\u00e7\u00e3o da confian\u00e7a em rela\u00e7\u00e3o ao governo, dever\u00e1 retirar quase R$ 100 bilh\u00f5es da economia. Do lado parafiscal, a Taxa de Juros de Longo Prazo (TJLP) continuar\u00e1 aumentando, reduzindo os subs\u00eddios hoje bancados pelo Tesouro Nacional. Tamb\u00e9m o Programa de Sustenta\u00e7\u00e3o do Investimento (PSI), voltado para a ind\u00fastria, receber\u00e1 menos recursos p\u00fablicos.   <\/p>\n<p>Do lado das fam\u00edlias, o forte aumento das tarifas comer\u00e1 parte importante dos sal\u00e1rios. O cr\u00e9dito, que poderia funcionar como complemento aos rendimentos dos lares, est\u00e1 mais caro e escasso. Para completar, o desemprego est\u00e1 a caminho, e n\u00e3o ser\u00e1 pouca coisa, como se pensava at\u00e9 agora. H\u00e1 quem acredite que a taxa de desocupa\u00e7\u00e3o passar\u00e1 dos 6%, um baque para a demanda interna. Os cortes devem vir, principalmente, do setor de servi\u00e7os, que absorveu muita gente n\u00e3o qualificada nos \u00faltimos anos e, agora, d\u00e1 sinais de fadiga.   <\/p>\n<p>Apesar de todos os progn\u00f3sticos ruins, nenhum diretor do BC se arriscou a prever aos interlocutores o poss\u00edvel tamanho do tombo do PIB neste ano. Mas n\u00e3o ser\u00e1 surpresa se o encolhimento chegar a 1%. N\u00e3o se pode esquecer que o pa\u00eds j\u00e1 est\u00e1 enfrentando um racionamento de \u00e1gua \u2014 60% das ind\u00fastria de S\u00e3o Paulo est\u00e3o reduzindo as atividade, dando f\u00e9rias coletivas ou cortando turnos \u2014 e poder\u00e1 ser obrigado a economizar energia a partir de abril, quando acaba o per\u00edodo chuvoso.   <\/p>\n<p><b>Divis\u00e3o no Copom<\/b>   <\/p>\n<p>\u00bb Quem passou pelo Banco Central nos \u00faltimos dias ficou com a sensa\u00e7\u00e3o de que pode haver uma divis\u00e3o no placar da pr\u00f3xima reuni\u00e3o do Comit\u00ea de Pol\u00edtica Monet\u00e1ria. Parte dos diretores deve votar por um aumento de 0,25 ponto percentual na Selic. Parte, pela alta de 0,50 ponto. Venceria, contudo, o grupo a favor de um arrocho menor. Alexandre Tombini buscar\u00e1 o consenso.   <\/p>\n<p><b>Opera\u00e7\u00e3o Lava-Jato<\/b>   <\/p>\n<p>\u00bb As preocupa\u00e7\u00f5es do BC v\u00e3o al\u00e9m da disparada da infla\u00e7\u00e3o e da esperada queda do PIB. H\u00e1 o temor com os desdobramentos pol\u00edticos da Opera\u00e7\u00e3o Lava-Jato. Muitos parlamentares da base aliada do governo est\u00e3o na mira da Pol\u00edcia Federal e do Minist\u00e9rio P\u00fablico. Os riscos de o governo enfrentar problemas para aprovar parte do ajuste fiscal s\u00f3 aumentar\u00e3o.   <\/p>\n<p><b>Cora\u00e7\u00e3o de Dilma<\/b>&nbsp;\u00bb Quando for definir a taxa Selic, em mar\u00e7o, o BC j\u00e1 ter\u00e1 em m\u00e3os o IPCA de janeiro e o IPCA-15 de fevereiro. Diante de infla\u00e7\u00e3o superior a 1% ao m\u00eas, ter\u00e1 que elevar os juros. O cora\u00e7\u00e3o de Dilma Rousseff estar\u00e1 a mil. Mas ser\u00e1 o pre\u00e7o a pagar por tantos erros nos \u00faltimos quatro anos.   <\/p>\n<p><b>Ano para esquecer<\/b>   <\/p>\n<p>\u00bb Para o governo, 2014 deve ser visto como um passado muito distante. \u201cTrata-se de um ano para ser esquecido\u201d, disse um ministro.   <\/p>\n<p><b>Ensino t\u00e9cnico<\/b>   <\/p>\n<p>\u00bb Com investimentos de R$ 250 mil, a McTech, primeira escola de inform\u00e1tica focada na plataforma Apple, abrir\u00e1, na ter\u00e7a-feira, a primeira unidade em Bras\u00edlia. H\u00e1, na capital, car\u00eancia de profissionais especializados.   <\/p>\n<p><i>Bras\u00edlia, 00h01min<\/i>   <\/p>\n","protected":false},"excerpt":{"rendered":"<p>O Banco Central j\u00e1 admite, internamente, que o Produto Interno Bruto (PIB) deste ano registrar\u00e1 queda, para desespero do Pal\u00e1cio do Planalto. Auxiliares do presidente da institui\u00e7\u00e3o, Alexandre Tombini, que monitoram os indicadores da atividade econ\u00f4mica, asseguram que os n\u00fameros est\u00e3o ruins e v\u00e3o piorar muito nos pr\u00f3ximos meses. Mesmo assim, o BC manter\u00e1 o [&hellip;]<\/p>\n","protected":false},"author":22,"featured_media":0,"comment_status":"open","ping_status":"open","sticky":false,"template":"","format":"standard","meta":{"wpb_read_more":[],"footnotes":""},"categories":[1],"tags":[],"class_list":["post-34","post","type-post","status-publish","format-standard","hentry","category-sem-categoria"],"_links":{"self":[{"href":"https:\/\/blogs2.correiobraziliense.com.br\/vicente\/wp-json\/wp\/v2\/posts\/34","targetHints":{"allow":["GET"]}}],"collection":[{"href":"https:\/\/blogs2.correiobraziliense.com.br\/vicente\/wp-json\/wp\/v2\/posts"}],"about":[{"href":"https:\/\/blogs2.correiobraziliense.com.br\/vicente\/wp-json\/wp\/v2\/types\/post"}],"author":[{"embeddable":true,"href":"https:\/\/blogs2.correiobraziliense.com.br\/vicente\/wp-json\/wp\/v2\/users\/22"}],"replies":[{"embeddable":true,"href":"https:\/\/blogs2.correiobraziliense.com.br\/vicente\/wp-json\/wp\/v2\/comments?post=34"}],"version-history":[{"count":0,"href":"https:\/\/blogs2.correiobraziliense.com.br\/vicente\/wp-json\/wp\/v2\/posts\/34\/revisions"}],"wp:attachment":[{"href":"https:\/\/blogs2.correiobraziliense.com.br\/vicente\/wp-json\/wp\/v2\/media?parent=34"}],"wp:term":[{"taxonomy":"category","embeddable":true,"href":"https:\/\/blogs2.correiobraziliense.com.br\/vicente\/wp-json\/wp\/v2\/categories?post=34"},{"taxonomy":"post_tag","embeddable":true,"href":"https:\/\/blogs2.correiobraziliense.com.br\/vicente\/wp-json\/wp\/v2\/tags?post=34"}],"curies":[{"name":"wp","href":"https:\/\/api.w.org\/{rel}","templated":true}]}}