{"id":36,"date":"2015-02-01T00:01:00","date_gmt":"2015-02-01T02:01:00","guid":{"rendered":"https:\/\/blogs2.correiobraziliense.com.br\/vicente\/com_preco_da_energia_nas_alturas_brasileiros_desligam_aparelhos_comprados_a_prestacao\/"},"modified":"2015-02-01T00:01:00","modified_gmt":"2015-02-01T02:01:00","slug":"com_preco_da_energia_nas_alturas_brasileiros_desligam_aparelhos_comprados_a_prestacao","status":"publish","type":"post","link":"https:\/\/blogs2.correiobraziliense.com.br\/vicente\/com_preco_da_energia_nas_alturas_brasileiros_desligam_aparelhos_comprados_a_prestacao\/","title":{"rendered":"COM PRE\u00c7O DA ENERGIA NAS ALTURAS, BRASILEIROS DESLIGAM APARELHOS COMPRADOS A PRESTA\u00c7\u00c3O"},"content":{"rendered":"\n<p><b>\u00bb DIEGO AMORIM<\/b>  <\/p>\n<p>De que adianta um ar-condicionado, se ele n\u00e3o puder amenizar o calor nos dias mais quentes? E para que serve um chuveiro el\u00e9trico desligado ou um forno micro-ondas novinho em folha fora da tomada? Os brasileiros est\u00e3o frustrados. E n\u00e3o \u00e9 pra menos. Embaladas pela expans\u00e3o do cr\u00e9dito e pelo est\u00edmulo ao consumo, as fam\u00edlias se endividaram, nos \u00faltimos anos, comprando eletrodom\u00e9sticos e eletroeletr\u00f4nicos em parcelamentos a perder de vista. Agora, com a crise energ\u00e9tica batendo \u00e0 porta para cobrar a fatura, se veem obrigadas a economizar nos detalhes, anulando as recentes conquistas.  <\/p>\n<p>Sem sa\u00edda, a n\u00e3o ser fazer de tudo para pagar a conta de luz em dia, os mais pobres s\u00e3o os mais prejudicados. Na casa da comerciante Nalva Oliveira, 37 anos, moram 10 pessoas. O reajuste da energia fez as despesas da grande fam\u00edlia saltarem de R$ 100 para R$ 120 na virada do ano. Para tentar levar a fatura de volta ao pre\u00e7o anterior, mesmo com o aumento, ela tem puxado a orelha de quem ainda ousa dormir com a televis\u00e3o ligada. A cunhada dela resolveu vender o aparelho de 60 polegadas que nem tinha terminado de pagar \u2014 ficou com a impress\u00e3o de que estava gastando demais.  <\/p>\n<p>Nalva fez filhos e sobrinhos se sacrificarem no calor deste ver\u00e3o. A ordem era ligar o ventilador apenas em caso de extrema necessidade. Fora isso, todos estavam autorizados a curtir os dias de f\u00e9rias na rua, onde, mesmo sob o sol forte, o clima era mais agrad\u00e1vel. \u201cAinda bem que n\u00e3o temos chuveiro el\u00e9trico aqui. Imagina? N\u00e3o daria conta de pagar, n\u00e3o\u201d, comenta ela, que tem dificuldade de aceitar o novo valor da energia. \u201cSubiu demais e vai subir mais\u201d, lamenta. Em setembro do ano passado, recorda, ela pagou menos de R$ 90 para a Companhia Energ\u00e9tica de Bras\u00edlia (CEB).  <\/p>\n<p>Na resid\u00eancia de Regilene da Silva Sousa, 29, filha de servidores p\u00fablicos, o micro-ondas n\u00e3o fica mais ligado na tomada o dia inteiro \u2014 somente nos momentos em que vai ser, de fato, utilizado. A sobrinha de 13 anos agora tem tempo limite para ficar embaixo do chuveiro el\u00e9trico: acabou a era dos banhos de quase uma hora. O pai aposentou a m\u00e1quina comprada para lavar o carro. Preocupado tamb\u00e9m com o racionamento de \u00e1gua, decidiu voltar a limpar a caranga aos fins de semana usando a mangueira. At\u00e9 o radinho de pilha ganhou, de novo, lugar na cozinha. \u201cEstamos fazendo o poss\u00edvel para economizar energia, mas, sinceramente, n\u00e3o sabemos onde vai parar essa hist\u00f3ria toda de aumentos. Est\u00e1 todo mundo assustado\u201d, desabafa Regilene, professora em uma escola particular.  <\/p>\n<p><b>Ressaca   <\/p>\n<p><\/b>  <\/p>\n<p>Em dezembro de 2008, o ent\u00e3o presidente Luiz In\u00e1cio Lula da Silva convocou em cadeia nacional de r\u00e1dio e tev\u00ea: \u201cVoc\u00ea, meu amigo e minha amiga, n\u00e3o tenha medo de consumir com responsabilidade. Se tem um dinheirinho no bolso e est\u00e1 querendo comprar uma geladeira, um fog\u00e3o ou trocar de carro, n\u00e3o frustre seu sonho\u201d. N\u00e3o foi a primeira nem a \u00faltima vez que Lula discursou nesse sentido. A sucessora, Dilma Rousseff, manteve o tom. Ao longo de 2011, seu primeiro ano de mandato, ela pediu em pelo menos duas ocasi\u00f5es que a popula\u00e7\u00e3o n\u00e3o tivesse medo de consumir.  <\/p>\n<p>O pedreiro Natanel Alves dos Santos, 27 anos, morador do Sol Nascente \u2014 a maior favela da Am\u00e9rica Latina \u2014, obedeceu ao chamado do governo e entrou de cabe\u00e7a nos financiamentos. Comprou uma tev\u00ea \u201cdaquelas de tubo, porque a outra era muito cara\u201d, que hoje em dia passa a maior parte do tempo desligada. Com medo de gastar energia, ele at\u00e9 tira o aparelho da tomada. A geladeira, adquirida no impulso, teve de ser vendida, conta ele, para pagar as contas de luz no fim do ano passado. \u201cSorte que ganhamos outra (geladeira) de uma vizinha\u201d, comemora.  <\/p>\n<p>Em janeiro, a fatura de eletricidade chegou \u00e0 casa de Natanel: R$ 60, valor 22% maior do que os R$ 49 que pagou em dezembro. Isso porque h\u00e1 cinco meses o chuveiro el\u00e9trico do \u00fanico banheiro da resid\u00eancia foi desligado. \u201cEst\u00e1 todo mundo tomando banho gelado. Enquanto faz calor, tudo bem. Mas quando come\u00e7ar a esfriar, vai ser um tormento\u201d, prev\u00ea o pedreiro. O chuveiro s\u00f3 \u00e9 acionado quando o filho de 6 anos reclama da \u00e1gua gelada. \u201cAinda tenho um liquidificador aqui, mas ele fica s\u00f3 de enfeite, porque a gente est\u00e1 evitando usar tamb\u00e9m\u201d, completa.  <\/p>\n<p>O aposentado Ant\u00f4nio das Gra\u00e7as, 65, se assustou tanto com o aumento da energia que radicalizou: decidiu que apenas o filho bombeiro poderia usar o ferro, para n\u00e3o chegar amarrotado ao quartel. De resto, a fam\u00edlia tem sido menos rigorosa com as roupas bem passadas. \u201cQuando algu\u00e9m come\u00e7a a demorar no chuveiro, j\u00e1 digo logo: \u2018Vamos, vamos, que isso a\u00ed n\u00e3o \u00e9 cobertor\u2019\u201d, relata. Os eletrodom\u00e9sticos da cozinha est\u00e3o sendo usados com parcim\u00f4nia. \u201cA gente tem que fazer a nossa parte, sem esperar que o governo fa\u00e7a a dele\u201d, resume o aposentado, que vive em uma casa com mais cinco pessoas. \u201cJ\u00e1 estou trocando as l\u00e2mpadas pelas de LED, que economizam mais\u201d, avisa.<i>  <\/p>\n<p><\/i><i>Bras\u00edlia, 00h01min<\/i>   <\/p>\n","protected":false},"excerpt":{"rendered":"<p>\u00bb DIEGO AMORIM De que adianta um ar-condicionado, se ele n\u00e3o puder amenizar o calor nos dias mais quentes? E para que serve um chuveiro el\u00e9trico desligado ou um forno micro-ondas novinho em folha fora da tomada? Os brasileiros est\u00e3o frustrados. E n\u00e3o \u00e9 pra menos. Embaladas pela expans\u00e3o do cr\u00e9dito e pelo est\u00edmulo ao [&hellip;]<\/p>\n","protected":false},"author":22,"featured_media":0,"comment_status":"open","ping_status":"open","sticky":false,"template":"","format":"standard","meta":{"wpb_read_more":[],"footnotes":""},"categories":[1],"tags":[],"class_list":["post-36","post","type-post","status-publish","format-standard","hentry","category-sem-categoria"],"_links":{"self":[{"href":"https:\/\/blogs2.correiobraziliense.com.br\/vicente\/wp-json\/wp\/v2\/posts\/36","targetHints":{"allow":["GET"]}}],"collection":[{"href":"https:\/\/blogs2.correiobraziliense.com.br\/vicente\/wp-json\/wp\/v2\/posts"}],"about":[{"href":"https:\/\/blogs2.correiobraziliense.com.br\/vicente\/wp-json\/wp\/v2\/types\/post"}],"author":[{"embeddable":true,"href":"https:\/\/blogs2.correiobraziliense.com.br\/vicente\/wp-json\/wp\/v2\/users\/22"}],"replies":[{"embeddable":true,"href":"https:\/\/blogs2.correiobraziliense.com.br\/vicente\/wp-json\/wp\/v2\/comments?post=36"}],"version-history":[{"count":0,"href":"https:\/\/blogs2.correiobraziliense.com.br\/vicente\/wp-json\/wp\/v2\/posts\/36\/revisions"}],"wp:attachment":[{"href":"https:\/\/blogs2.correiobraziliense.com.br\/vicente\/wp-json\/wp\/v2\/media?parent=36"}],"wp:term":[{"taxonomy":"category","embeddable":true,"href":"https:\/\/blogs2.correiobraziliense.com.br\/vicente\/wp-json\/wp\/v2\/categories?post=36"},{"taxonomy":"post_tag","embeddable":true,"href":"https:\/\/blogs2.correiobraziliense.com.br\/vicente\/wp-json\/wp\/v2\/tags?post=36"}],"curies":[{"name":"wp","href":"https:\/\/api.w.org\/{rel}","templated":true}]}}