{"id":37,"date":"2015-02-02T12:15:00","date_gmt":"2015-02-02T14:15:00","guid":{"rendered":"https:\/\/blogs2.correiobraziliense.com.br\/vicente\/esplanada_do_desperdicio\/"},"modified":"2015-02-02T12:15:00","modified_gmt":"2015-02-02T14:15:00","slug":"esplanada_do_desperdicio","status":"publish","type":"post","link":"https:\/\/blogs2.correiobraziliense.com.br\/vicente\/esplanada_do_desperdicio\/","title":{"rendered":"ESPLANADA DO DESPERD\u00cdCIO"},"content":{"rendered":"\n<p>\u00bb DIEGO AMORIM  <\/p>\n<p>Em um pa\u00eds \u00e0 beira do racionamento de energia, o governo est\u00e1 longe de dar&nbsp; exemplo de economia. A escalada da conta de luz, acompanhada das amea\u00e7as de apag\u00e3o, obrigou os consumidores a se sacrificarem no dia a dia, mas os \u00f3rg\u00e3os p\u00fablicos n\u00e3o parecem preocupados. Se na casa dos brasileiros manter iluminados c\u00f4modos vazios virou \u2014 mais do que nunca \u2014 algo inaceit\u00e1vel, salas, corredores e gabinetes de minist\u00e9rios e de autarquias continuam \u00e0s claras, para quem quiser ver, fora do hor\u00e1rio do expediente.  <\/p>\n<p>Na \u00faltima d\u00e9cada, os gastos da Uni\u00e3o com energia em depend\u00eancias do setor p\u00fablico federal espalhadas pelo pa\u00eds saltaram 62,8%. O montante \u2014 n\u00e3o incluindo as contas das estatais \u2014 pulou de R$ 921 milh\u00f5es, em 2004, para R$ 1,5 bilh\u00e3o no ano passado, conforme levantamento da Associa\u00e7\u00e3o Contas&nbsp; Abertas, com base em dados do Sistema Integrado de Administra\u00e7\u00e3o Financeira (Siaf), do governo. A diferen\u00e7a engloba reajustes tarif\u00e1rios e aumento de consumo.  <\/p>\n<p>Basta um passeio pela capital do pa\u00eds \u00e0 noite ou durante a madrugada para perceber a incapacidade dos gestores de levarem a s\u00e9rio a crise energ\u00e9tica. Na \u00faltima ter\u00e7a-feira, com exce\u00e7\u00e3o do pr\u00e9dio da Defesa, os outros 16 minist\u00e9rios mantinham luzes acesas no t\u00e9rreo e em praticamente todos os nove andares, apesar dos estacionamentos vazios. Perto das 22h, computadores e um projetor multim\u00eddia podiam ser vistos ligados \u00e0s moscas.  <\/p>\n<p>Os \u00f3rg\u00e3os flagrados esbanjando claridade na noite brasiliense alegam ser poss\u00edvel que servidores ainda estivessem no batente, o que, segundo comunicados oficiais, explica a quantidade de l\u00e2mpadas ligadas na Esplanada esvaziada. \u201cA verdade \u00e9 que s\u00f3 pobre faz racionamento\u201d, desabafa o taxista Charley Sales, 40 anos, indignado com o clar\u00e3o dos pr\u00e9dios.  <\/p>\n<p>Desleixo  <\/p>\n<p>Na sede do Departamento Nacional de Infraestrutura de Transportes (Dnit), a despeito dos estacionamentos desertos, a ilumina\u00e7\u00e3o interna do pr\u00e9dio de quatro andares \u2014 vista de todos os \u00e2ngulos \u2014 era evidente perto das 22h da \u00faltima ter\u00e7a. Numa das salas desabitadas, a tela azul de um computador ilustrava o desleixo de servidores. Seguran\u00e7as tentaram justificar informando que havia funcion\u00e1rios terceirizados no pr\u00e9dio, embora n\u00e3o pudesse ser notada qualquer movimenta\u00e7\u00e3o.  <\/p>\n<p>Em nota, o \u00f3rg\u00e3o disse que pretende implantar plano emergencial de redu\u00e7\u00e3o de energia e acrescentou que est\u00e3o em andamento servi\u00e7os noturnos de troca do sistema central de ar-condicionado, a serem conclu\u00eddos nas pr\u00f3ximas semanas. \u201cTemos que dar o exemplo\u201d, admite o Dnit.  <\/p>\n<p>No segundo andar do Minist\u00e9rio da Sa\u00fade, um projetor multim\u00eddia restou ligado pouco antes das 22h. A sala estava vazia por mais de 20 minutos. Em resposta, o \u00f3rg\u00e3o enalteceu o corte no gasto com energia desde 2012 e antecipou que prepara campanha interna sobre o tema. Informou, ainda, que a equipe de plant\u00e3o monitora l\u00e2mpadas acesas.  <\/p>\n<p>O Instituto Nacional do Seguro Social (INSS) diz que, para evitar o desperd\u00edcio, brigadistas fazem rondas peri\u00f3dicas na sede, apagando interruptores. Na noite da \u00faltima ter\u00e7a-feira, o pr\u00e9dio exibia luzes acesas em todos os andares. O INSS argumentou que se tratou de situa\u00e7\u00e3o excepcional, com empresas terceirizadas atuando na manuten\u00e7\u00e3o de ar-condicionado. Seguran\u00e7as falaram em \u201ctrabalho de pintura\u201d.  <\/p>\n<p>O Itamaraty, cujas luzes do anexo chamavam a aten\u00e7\u00e3o nas noites da semana passada, argumentou que as \u00e1reas comuns s\u00e3o mantidas acesas enquanto houver servidores. \u201cOs funcion\u00e1rios s\u00e3o instru\u00eddos a desligar o ar-condicionado e a apagar todas as luzes ao fim de cada jornada\u201d, alegou o \u00f3rg\u00e3o, em nota. A orienta\u00e7\u00e3o nem sempre \u00e9 seguida.  <\/p>\n<p>No Minist\u00e9rio da Justi\u00e7a, mais computadores e luzes ligadas em salas sem movimento. O \u00f3rg\u00e3o disse ser comum ocorrerem reuni\u00f5es em locais atrelados a outras salas de trabalho, obrigando a manter equipamentos funcionando. Em quase 30 minutos, o Correio n\u00e3o viu ningu\u00e9m entrar ou sair dos ambientes.  <\/p>\n<p>O Minist\u00e9rio da Integra\u00e7\u00e3o Nacional, o segundo que mais aumentou o gasto com energia em 2014 \u2014 alta de 25,2% \u2014, informou que suas salas t\u00eam ilumina\u00e7\u00e3o individual com placas orientando o consumo consciente. O Minist\u00e9rio do Planejamento afirmou que o desligamento padr\u00e3o ocorre \u00e0s 19h, mas, na \u00faltima ter\u00e7a, algumas secretarias funcionaram ap\u00f3s as 21h.  <\/p>\n<p>Planalto \u00e0s claras  <\/p>\n<p>O Pal\u00e1cio do Planalto, local de trabalho da presidente Dilma Rousseff, tem mais de 100 l\u00e2mpadas s\u00f3 na ilumina\u00e7\u00e3o externa voltada para a Pra\u00e7a dos Tr\u00eas Poderes. Os sagu\u00f5es internos ficam acesos a madrugada inteira. O governo alegou \u201cquest\u00f5es de seguran\u00e7a patrimonial e predial do bem p\u00fablico\u201d. \u201c\u00c9 claro que algo pode ser feito para economizar. \u00c9 falta de respeito com a popula\u00e7\u00e3o\u201d, comenta o engenheiro Adilson de Oliveira, especialista do setor el\u00e9trico. <\/p>\n<p><img decoding=\"async\" src=\"https:\/\/blogs2.correiobraziliense.com.br\/wp-content\/uploads\/blog-vicente\/80ad1e8151badeb91ca10ff98814753a.jpg\"> <\/p>\n<p> Foto: Daniel Ferreira\/CBpress <\/p>\n<p>Minas e Energia d\u00e1 mau exemplo  <\/p>\n<p>Nem o Minist\u00e9rio de Minas e Energia (MME), respons\u00e1vel por gerenciar as pol\u00edticas do setor el\u00e9trico, foge \u00e0 regra do mau exemplo. Pelo contr\u00e1rio, \u00e9 um dos mais iluminados. Ap\u00f3s as 19h, percebe-se, dos dois lados do pr\u00e9dio \u2014 tamb\u00e9m ocupado pelo Minist\u00e9rio do Turismo \u2014, que n\u00e3o h\u00e1 quase ningu\u00e9m trabalhando. No entanto, andar por andar, de uma ponta \u00e0 outra do edif\u00edcio, as salas permanecem reluzentes at\u00e9 as 21h, de segunda a sexta-feira.  <\/p>\n<p>Na \u00faltima ter\u00e7a, tudo seguia \u00e0s claras no MME, com apenas seis carros no estacionamento externo. \u201cAt\u00e9 por quest\u00e3o de seguran\u00e7a e para n\u00e3o deixar todo mundo no escuro, n\u00e3o podemos apagar 100% das l\u00e2mpadas\u201d, argumenta o subsecret\u00e1rio de Planejamento, Or\u00e7amento e Administra\u00e7\u00e3o da pasta, Marcelo Cruz. Desde mar\u00e7o de 2013, um \u201cmoderno sistema\u201d, conta ele, reduz, aos poucos, a carga de energia at\u00e9 o rel\u00f3gio marcar 21h, quando as luzes se apagam. No flagrante do Correio, a densidade da rede, segundo Cruz, estaria em 1%.  <\/p>\n<p>Desde o racionamento de 2001, os \u00f3rg\u00e3os p\u00fablicos prometem melhorias para acabar com o desperd\u00edcio escancarado. Na Esplanada, at\u00e9 pouco tempo atr\u00e1s, modelos de ilumina\u00e7\u00e3o ultrapassados n\u00e3o permitiam nem interruptores em cada sala, o que dificultava a economia. Com pel\u00edculas e persianas, os minist\u00e9rios dependem da luz artificial mesmo com o sol a pino. \u201cO governo n\u00e3o faz o dever de casa em coisas simples\u201d, desabafa Gil Castelo Branco, fundador da Contas Abertas.  <\/p>\n<p>H\u00e1 14 anos, em meio \u00e0 grave crise energ\u00e9tica que agora volta a assombrar os brasileiros, memorandos internos elaborados \u00e0s pressas permitiam, inclusive, que os servidores abandonassem o terno e a gravata para encararem o desligamento dos aparelhos de ar-condicionado. O expediente chegou a ser encurtado, terminando \u00e0s 17h, justamente para diminuir os gastos. \u201cParece que n\u00e3o aprenderam. Chega a causar raiva e indigna\u00e7\u00e3o\u201d, refor\u00e7a Castelo Branco.  <\/p>\n<p>O Minist\u00e9rio da Educa\u00e7\u00e3o \u00e9, tradicionalmente, o que mais gasta com energia entre todos os \u00f3rg\u00e3os da Uni\u00e3o: somente no ano passado foram R$ 436,9 milh\u00f5es, incluindo despesas nas 63 universidades federais e nos 49 hospitais universit\u00e1rios. O \u00f3rg\u00e3o diz ter projetos que visam a melhoria no uso racional dos recursos p\u00fablicos. O Conselho Nacional de Justi\u00e7a (CNJ) foi o que mais aumentou os gastos com energia em 2014: 28,7%. O aumento, segundo o \u00f3rg\u00e3o, deve-se \u00e0 expans\u00e3o da estrutura.  <\/p>\n<p>Bras\u00edlia, 12h15min   <\/p>\n","protected":false},"excerpt":{"rendered":"<p>\u00bb DIEGO AMORIM Em um pa\u00eds \u00e0 beira do racionamento de energia, o governo est\u00e1 longe de dar&nbsp; exemplo de economia. A escalada da conta de luz, acompanhada das amea\u00e7as de apag\u00e3o, obrigou os consumidores a se sacrificarem no dia a dia, mas os \u00f3rg\u00e3os p\u00fablicos n\u00e3o parecem preocupados. Se na casa dos brasileiros manter [&hellip;]<\/p>\n","protected":false},"author":22,"featured_media":0,"comment_status":"open","ping_status":"open","sticky":false,"template":"","format":"standard","meta":{"wpb_read_more":[],"footnotes":""},"categories":[1],"tags":[],"class_list":["post-37","post","type-post","status-publish","format-standard","hentry","category-sem-categoria"],"_links":{"self":[{"href":"https:\/\/blogs2.correiobraziliense.com.br\/vicente\/wp-json\/wp\/v2\/posts\/37","targetHints":{"allow":["GET"]}}],"collection":[{"href":"https:\/\/blogs2.correiobraziliense.com.br\/vicente\/wp-json\/wp\/v2\/posts"}],"about":[{"href":"https:\/\/blogs2.correiobraziliense.com.br\/vicente\/wp-json\/wp\/v2\/types\/post"}],"author":[{"embeddable":true,"href":"https:\/\/blogs2.correiobraziliense.com.br\/vicente\/wp-json\/wp\/v2\/users\/22"}],"replies":[{"embeddable":true,"href":"https:\/\/blogs2.correiobraziliense.com.br\/vicente\/wp-json\/wp\/v2\/comments?post=37"}],"version-history":[{"count":0,"href":"https:\/\/blogs2.correiobraziliense.com.br\/vicente\/wp-json\/wp\/v2\/posts\/37\/revisions"}],"wp:attachment":[{"href":"https:\/\/blogs2.correiobraziliense.com.br\/vicente\/wp-json\/wp\/v2\/media?parent=37"}],"wp:term":[{"taxonomy":"category","embeddable":true,"href":"https:\/\/blogs2.correiobraziliense.com.br\/vicente\/wp-json\/wp\/v2\/categories?post=37"},{"taxonomy":"post_tag","embeddable":true,"href":"https:\/\/blogs2.correiobraziliense.com.br\/vicente\/wp-json\/wp\/v2\/tags?post=37"}],"curies":[{"name":"wp","href":"https:\/\/api.w.org\/{rel}","templated":true}]}}