{"id":382,"date":"2016-01-13T00:01:17","date_gmt":"2016-01-13T02:01:17","guid":{"rendered":"https:\/\/blogs2.correiobraziliense.com.br\/vicente\/?p=382"},"modified":"2016-01-13T13:13:20","modified_gmt":"2016-01-13T15:13:20","slug":"prazo-de-validade","status":"publish","type":"post","link":"https:\/\/blogs2.correiobraziliense.com.br\/vicente\/prazo-de-validade\/","title":{"rendered":"PRAZO DE VALIDADE"},"content":{"rendered":"<p>Duas pessoas que foram convidadas recentemente por Nelson Barbosa para trabalhar no Minist\u00e9rio da Fazenda ouviram dele que o prazo inicial do contrato \u00e9 de tr\u00eas meses. Esse \u00e9 o tempo que ele apresenta como garantido.<\/p>\n<p>&nbsp;<\/p>\n<p><strong>Impeachment e pedaladas<\/strong><\/p>\n<p>&nbsp;<\/p>\n<p>A limita\u00e7\u00e3o de prazo tem duas justificativas. Primeira: a possibilidade de o processo de impeachment de Dilma ser aprovado. Segunda: que Barbosa seja cassado pelo Tribunal de Contas da Uni\u00e3o (TCU) por causa das pedaladas fiscais.<\/p>\n<p>&nbsp;<\/p>\n<p><em>Bras\u00edlia, 00h01min<\/em><\/p>\n","protected":false},"excerpt":{"rendered":"<p>Duas pessoas que foram convidadas recentemente por Nelson Barbosa para trabalhar no Minist\u00e9rio da Fazenda ouviram dele que o prazo inicial do contrato \u00e9 de tr\u00eas meses. Esse \u00e9 o tempo que ele apresenta como garantido. &nbsp; Impeachment e pedaladas &nbsp; A limita\u00e7\u00e3o de prazo tem duas justificativas. Primeira: a possibilidade de o processo de [&hellip;]<\/p>\n","protected":false},"author":22,"featured_media":0,"comment_status":"open","ping_status":"closed","sticky":false,"template":"","format":"standard","meta":{"wpb_read_more":[],"footnotes":""},"categories":[1],"tags":[],"class_list":["post-382","post","type-post","status-publish","format-standard","hentry","category-sem-categoria"],"_links":{"self":[{"href":"https:\/\/blogs2.correiobraziliense.com.br\/vicente\/wp-json\/wp\/v2\/posts\/382","targetHints":{"allow":["GET"]}}],"collection":[{"href":"https:\/\/blogs2.correiobraziliense.com.br\/vicente\/wp-json\/wp\/v2\/posts"}],"about":[{"href":"https:\/\/blogs2.correiobraziliense.com.br\/vicente\/wp-json\/wp\/v2\/types\/post"}],"author":[{"embeddable":true,"href":"https:\/\/blogs2.correiobraziliense.com.br\/vicente\/wp-json\/wp\/v2\/users\/22"}],"replies":[{"embeddable":true,"href":"https:\/\/blogs2.correiobraziliense.com.br\/vicente\/wp-json\/wp\/v2\/comments?post=382"}],"version-history":[{"count":1,"href":"https:\/\/blogs2.correiobraziliense.com.br\/vicente\/wp-json\/wp\/v2\/posts\/382\/revisions"}],"predecessor-version":[{"id":383,"href":"https:\/\/blogs2.correiobraziliense.com.br\/vicente\/wp-json\/wp\/v2\/posts\/382\/revisions\/383"}],"wp:attachment":[{"href":"https:\/\/blogs2.correiobraziliense.com.br\/vicente\/wp-json\/wp\/v2\/media?parent=382"}],"wp:term":[{"taxonomy":"category","embeddable":true,"href":"https:\/\/blogs2.correiobraziliense.com.br\/vicente\/wp-json\/wp\/v2\/categories?post=382"},{"taxonomy":"post_tag","embeddable":true,"href":"https:\/\/blogs2.correiobraziliense.com.br\/vicente\/wp-json\/wp\/v2\/tags?post=382"}],"curies":[{"name":"wp","href":"https:\/\/api.w.org\/{rel}","templated":true}]}}