{"id":389,"date":"2016-01-19T11:37:28","date_gmt":"2016-01-19T13:37:28","guid":{"rendered":"https:\/\/blogs2.correiobraziliense.com.br\/vicente\/?p=389"},"modified":"2016-01-19T11:38:51","modified_gmt":"2016-01-19T13:38:51","slug":"os-juros-nao-vao-subir-indica-tombini","status":"publish","type":"post","link":"https:\/\/blogs2.correiobraziliense.com.br\/vicente\/os-juros-nao-vao-subir-indica-tombini\/","title":{"rendered":"OS JUROS N\u00c3O V\u00c3O SUBIR, INDICA TOMBINI"},"content":{"rendered":"<p>E n\u00e3o \u00e9 que o presidente do Banco Central, Alexandre Tombini, j\u00e1 mudou o tom do discurso. De linha dura, pregando o aumento dos juros a qualquer pre\u00e7o para segurar a infla\u00e7\u00e3o que n\u00e3o d\u00e1 tr\u00e9gua, agora, ele sinaliza que n\u00e3o \u00e9 bem assim, que \u00e9 preciso pensar melhor, levar todas as proje\u00e7\u00f5es em conta antes de o Comit\u00ea de Pol\u00edtica Monet\u00e1ria (Copom) bater o martelo.<\/p>\n<p>&nbsp;<\/p>\n<p>Curiosamente, a mudan\u00e7a de discurso de Tombini vem um dia depois de ele ter se encontrado com a presidente Dilma Rousseff fora da agenda oficial dela. Mas o presidente do BC, como n\u00e3o \u00e9 bobo, est\u00e1 usando os n\u00fameros horr\u00edveis sobre a economia brasileira divulgados hoje pelo Fundo Monet\u00e1rio Internacional (FMI) para sustentar a mudan\u00e7a de discurso.<\/p>\n<p>&nbsp;<\/p>\n<p>Diz o BC, em nota: &#8220;\u200bO presidente do Banco Central, Alexandre Tombini, avalia como significativas as revis\u00f5es das proje\u00e7\u00f5es de crescimento para o Brasil em 2016 e 2017, realizadas pelo Fundo Monet\u00e1rio Internacional, e divulgadas hoje na atualiza\u00e7\u00e3o do relat\u00f3rio World Economic Outlook. No documento, o FMI revisou a previs\u00e3o de crescimento do PIB do Brasil de -1,0% para -3,5%, em 2016, e de +2,3% para 0%, em 2017. O Fundo atribui a fatores n\u00e3o econ\u00f4micos as raz\u00f5es para esta r\u00e1pida e pronunciada deteriora\u00e7\u00e3o das previs\u00f5es. O presidente Tombini ressalta que todas as informa\u00e7\u00f5es econ\u00f4micas relevantes e dispon\u00edveis at\u00e9 a reuni\u00e3o do Copom s\u00e3o consideradas nas decis\u00f5es do colegiado&#8221;.<\/p>\n<p>&nbsp;<\/p>\n<p>Tombini nunca esteve convicto de que a alta dos juros era o melhor rem\u00e9dio para o pa\u00eds neste momento de grave recess\u00e3o. H\u00e1, por\u00e9m, a suspeita de que o que pesou mesmo para que ele adotasse uma vers\u00e3o mais light foi a conversa com a chefe.<\/p>\n<p>&nbsp;<\/p>\n<p>A manuten\u00e7\u00e3o dos juros em 14,25% ao ano se tornou quase certa. A maioria dos votos dos integrantes do Comit\u00ea est\u00e1 nesta linha.<\/p>\n<p>&nbsp;<\/p>\n<p><em>Bras\u00edlia, 11h35min<\/em><\/p>\n","protected":false},"excerpt":{"rendered":"<p>E n\u00e3o \u00e9 que o presidente do Banco Central, Alexandre Tombini, j\u00e1 mudou o tom do discurso. De linha dura, pregando o aumento dos juros a qualquer pre\u00e7o para segurar a infla\u00e7\u00e3o que n\u00e3o d\u00e1 tr\u00e9gua, agora, ele sinaliza que n\u00e3o \u00e9 bem assim, que \u00e9 preciso pensar melhor, levar todas as proje\u00e7\u00f5es em conta [&hellip;]<\/p>\n","protected":false},"author":22,"featured_media":0,"comment_status":"open","ping_status":"closed","sticky":false,"template":"","format":"standard","meta":{"wpb_read_more":[],"footnotes":""},"categories":[1],"tags":[35,99,11,4,100,34],"class_list":["post-389","post","type-post","status-publish","format-standard","hentry","category-sem-categoria","tag-alexandre-tombini","tag-copom","tag-dilma-rousseff","tag-juros","tag-manutencao","tag-selic"],"_links":{"self":[{"href":"https:\/\/blogs2.correiobraziliense.com.br\/vicente\/wp-json\/wp\/v2\/posts\/389","targetHints":{"allow":["GET"]}}],"collection":[{"href":"https:\/\/blogs2.correiobraziliense.com.br\/vicente\/wp-json\/wp\/v2\/posts"}],"about":[{"href":"https:\/\/blogs2.correiobraziliense.com.br\/vicente\/wp-json\/wp\/v2\/types\/post"}],"author":[{"embeddable":true,"href":"https:\/\/blogs2.correiobraziliense.com.br\/vicente\/wp-json\/wp\/v2\/users\/22"}],"replies":[{"embeddable":true,"href":"https:\/\/blogs2.correiobraziliense.com.br\/vicente\/wp-json\/wp\/v2\/comments?post=389"}],"version-history":[{"count":1,"href":"https:\/\/blogs2.correiobraziliense.com.br\/vicente\/wp-json\/wp\/v2\/posts\/389\/revisions"}],"predecessor-version":[{"id":390,"href":"https:\/\/blogs2.correiobraziliense.com.br\/vicente\/wp-json\/wp\/v2\/posts\/389\/revisions\/390"}],"wp:attachment":[{"href":"https:\/\/blogs2.correiobraziliense.com.br\/vicente\/wp-json\/wp\/v2\/media?parent=389"}],"wp:term":[{"taxonomy":"category","embeddable":true,"href":"https:\/\/blogs2.correiobraziliense.com.br\/vicente\/wp-json\/wp\/v2\/categories?post=389"},{"taxonomy":"post_tag","embeddable":true,"href":"https:\/\/blogs2.correiobraziliense.com.br\/vicente\/wp-json\/wp\/v2\/tags?post=389"}],"curies":[{"name":"wp","href":"https:\/\/api.w.org\/{rel}","templated":true}]}}