{"id":393,"date":"2016-01-19T00:01:53","date_gmt":"2016-01-19T02:01:53","guid":{"rendered":"https:\/\/blogs2.correiobraziliense.com.br\/vicente\/?p=393"},"modified":"2016-01-19T11:45:12","modified_gmt":"2016-01-19T13:45:12","slug":"tombini-e-o-pt","status":"publish","type":"post","link":"https:\/\/blogs2.correiobraziliense.com.br\/vicente\/tombini-e-o-pt\/","title":{"rendered":"TOMBINI E O PT"},"content":{"rendered":"<p>\u00bb Alexandre Tombini, presidente do Banco Central, t\u00eam dito a amigos que o PT n\u00e3o tem respaldo para pedir sua demiss\u00e3o.<\/p>\n<p>&nbsp;<\/p>\n<p>Bras\u00edlia, 00h01min<\/p>\n","protected":false},"excerpt":{"rendered":"<p>\u00bb Alexandre Tombini, presidente do Banco Central, t\u00eam dito a amigos que o PT n\u00e3o tem respaldo para pedir sua demiss\u00e3o. &nbsp; Bras\u00edlia, 00h01min<\/p>\n","protected":false},"author":22,"featured_media":0,"comment_status":"open","ping_status":"closed","sticky":false,"template":"","format":"standard","meta":{"wpb_read_more":[],"footnotes":""},"categories":[1],"tags":[],"class_list":["post-393","post","type-post","status-publish","format-standard","hentry","category-sem-categoria"],"_links":{"self":[{"href":"https:\/\/blogs2.correiobraziliense.com.br\/vicente\/wp-json\/wp\/v2\/posts\/393","targetHints":{"allow":["GET"]}}],"collection":[{"href":"https:\/\/blogs2.correiobraziliense.com.br\/vicente\/wp-json\/wp\/v2\/posts"}],"about":[{"href":"https:\/\/blogs2.correiobraziliense.com.br\/vicente\/wp-json\/wp\/v2\/types\/post"}],"author":[{"embeddable":true,"href":"https:\/\/blogs2.correiobraziliense.com.br\/vicente\/wp-json\/wp\/v2\/users\/22"}],"replies":[{"embeddable":true,"href":"https:\/\/blogs2.correiobraziliense.com.br\/vicente\/wp-json\/wp\/v2\/comments?post=393"}],"version-history":[{"count":1,"href":"https:\/\/blogs2.correiobraziliense.com.br\/vicente\/wp-json\/wp\/v2\/posts\/393\/revisions"}],"predecessor-version":[{"id":394,"href":"https:\/\/blogs2.correiobraziliense.com.br\/vicente\/wp-json\/wp\/v2\/posts\/393\/revisions\/394"}],"wp:attachment":[{"href":"https:\/\/blogs2.correiobraziliense.com.br\/vicente\/wp-json\/wp\/v2\/media?parent=393"}],"wp:term":[{"taxonomy":"category","embeddable":true,"href":"https:\/\/blogs2.correiobraziliense.com.br\/vicente\/wp-json\/wp\/v2\/categories?post=393"},{"taxonomy":"post_tag","embeddable":true,"href":"https:\/\/blogs2.correiobraziliense.com.br\/vicente\/wp-json\/wp\/v2\/tags?post=393"}],"curies":[{"name":"wp","href":"https:\/\/api.w.org\/{rel}","templated":true}]}}